{"id":2207,"date":"2015-04-07T06:16:35","date_gmt":"2015-04-07T06:16:35","guid":{"rendered":"https:\/\/codexflores.ch\/index.php\/2015\/04\/07\/bilanz-der-festtage-2015-der-berliner-staatsoper\/"},"modified":"2015-04-07T06:16:35","modified_gmt":"2015-04-07T06:16:35","slug":"bilanz-der-festtage-2015-der-berliner-staatsoper","status":"publish","type":"post","link":"https:\/\/codexflores.ch\/index.php\/2015\/04\/07\/bilanz-der-festtage-2015-der-berliner-staatsoper\/","title":{"rendered":"Bilanz der Festtage 2015 der Berliner Staatsoper"},"content":{"rendered":"<p><span style=\"font-family: arial,helvetica,sans-serif; font-size: small;\">07.04.2015 &#8212; Die Festtage 2015 der Berliner Staatsoper z\u00e4hlten insgesamt rund 14&#8217;500 Eintritte in die Staatsoper im Schiller Theater und in die Philharmonie Berlin und sorgten \u00abtrotz eines h\u00f6chst anspruchsvollen Programms bei fast allen Veranstaltungen f\u00fcr ein volles Haus\u00bb, wie die Staatsoper selber schreibt.<\/span><\/p>\n<p><span style=\"font-family: arial,helvetica,sans-serif; font-size: small;\"><strong>07.04.2015 &#8212; Die Festtage 2015 der Berliner Staatsoper z\u00e4hlten insgesamt rund 14&#8217;500 Eintritte in die Staatsoper im Schiller Theater und in die Philharmonie Berlin und sorgten \u00abtrotz eines h\u00f6chst anspruchsvollen Programms bei fast allen Veranstaltungen f\u00fcr ein volles Haus\u00bb, wie die Staatsoper selber schreibt.<\/strong><\/span><\/p>\n<p><span style=\"font-family: arial,helvetica,sans-serif; font-size: small;\">\u00a0<\/span><\/p>\n<p><span style=\"font-family: arial,helvetica,sans-serif; font-size: small;\">Neben Dmitri Tcherniakovs Neuinszenierung des <em>Parsifal<\/em> und der Wiederaufnahme des <em>Tannh\u00e4user<\/em> von Sasha Waltz h\u00e4tten insbesondere die Hommage \u00e0 Pierre Boulez zu seinem 90. Geburtstag f\u00fcr weltweites Interesse bei Publikum und Kritik gef\u00fchrt, so die Staatsoper weiter. Aufgef\u00fchrt wurden allein von Pierre Boulez sechs Orchesterwerke, \u00abAnth\u00e8mes 2\u00bb f\u00fcr Violine und Live-Elektronik sowie sein gesamtes Klavierwerk in einem Klavier-Recital mit Michael Wendeberg.<\/span><\/p>\n<p><span style=\"font-family: arial,helvetica,sans-serif; font-size: small;\">\u00a0<\/span><\/p>\n<p><span style=\"font-family: arial,helvetica,sans-serif; font-size: small;\">Die n\u00e4chsten Festtage finden vom 18. bis 28. M\u00e4rz 2016 statt. Der Verkauf von Festtage-Zyklen l\u00e4uft bereits. Einzelkarten sind ab 14. November erh\u00e4ltlich. <em>(cf)\u00a0<\/em> <\/span><\/p>\n","protected":false},"excerpt":{"rendered":"<p><span style=\"font-family: arial,helvetica,sans-serif; font-size: small;\">07.04.2015 &#8212; Die Festtage 2015 der Berliner Staatsoper z\u00e4hlten insgesamt rund 14&#8217;500 Eintritte in die Staatsoper im Schiller Theater und in die Philharmonie Berlin und sorgten \u00abtrotz eines h\u00f6chst anspruchsvollen Programms bei fast allen Veranstaltungen f\u00fcr ein volles Haus\u00bb, wie die Staatsoper selber schreibt.<\/span><\/p>\n","protected":false},"author":1,"featured_media":0,"comment_status":"open","ping_status":"open","sticky":false,"template":"","format":"standard","meta":{"footnotes":""},"categories":[2],"tags":[],"class_list":["post-2207","post","type-post","status-publish","format-standard","hentry","category-nachrichten","entry"],"_links":{"self":[{"href":"https:\/\/codexflores.ch\/index.php\/wp-json\/wp\/v2\/posts\/2207","targetHints":{"allow":["GET"]}}],"collection":[{"href":"https:\/\/codexflores.ch\/index.php\/wp-json\/wp\/v2\/posts"}],"about":[{"href":"https:\/\/codexflores.ch\/index.php\/wp-json\/wp\/v2\/types\/post"}],"author":[{"embeddable":true,"href":"https:\/\/codexflores.ch\/index.php\/wp-json\/wp\/v2\/users\/1"}],"replies":[{"embeddable":true,"href":"https:\/\/codexflores.ch\/index.php\/wp-json\/wp\/v2\/comments?post=2207"}],"version-history":[{"count":0,"href":"https:\/\/codexflores.ch\/index.php\/wp-json\/wp\/v2\/posts\/2207\/revisions"}],"wp:attachment":[{"href":"https:\/\/codexflores.ch\/index.php\/wp-json\/wp\/v2\/media?parent=2207"}],"wp:term":[{"taxonomy":"category","embeddable":true,"href":"https:\/\/codexflores.ch\/index.php\/wp-json\/wp\/v2\/categories?post=2207"},{"taxonomy":"post_tag","embeddable":true,"href":"https:\/\/codexflores.ch\/index.php\/wp-json\/wp\/v2\/tags?post=2207"}],"curies":[{"name":"wp","href":"https:\/\/api.w.org\/{rel}","templated":true}]}}