{"id":2213,"date":"2015-04-09T06:05:57","date_gmt":"2015-04-09T06:05:57","guid":{"rendered":"https:\/\/codexflores.ch\/index.php\/2015\/04\/09\/knatsch-in-wien-nach-rektorinnen-wahl\/"},"modified":"2015-04-09T06:05:57","modified_gmt":"2015-04-09T06:05:57","slug":"knatsch-in-wien-nach-rektorinnen-wahl","status":"publish","type":"post","link":"https:\/\/codexflores.ch\/index.php\/2015\/04\/09\/knatsch-in-wien-nach-rektorinnen-wahl\/","title":{"rendered":"Knatsch in Wien nach Rektorinnen-Wahl"},"content":{"rendered":"<p><span style=\"font-family: arial,helvetica,sans-serif; font-size: small;\">09.04.2015 &#8212; Die Wahl Regula Rapps als Rektorin der Wiener Kunstuni ist nicht ohne Nebenger\u00e4usche \u00fcber die B\u00fchnen gegangen. Die Vizerektorin, die selber Kandidatin war, ist unter Protest zur\u00fcckgetreten.<\/span><\/p>\n<p><span style=\"font-family: arial,helvetica,sans-serif; font-size: small;\"><strong>09.04.2015 &#8212; Die Wahl Regula Rapps als Rektorin der Wiener Kunstuni ist nicht ohne Nebenger\u00e4usche \u00fcber die B\u00fchnen gegangen. Die Vzerektorin, die selber Kandidatin war, ist unter Protest zur\u00fcckgetreten.<\/strong><\/span><\/p>\n<p><span style=\"font-family: arial,helvetica,sans-serif; font-size: small;\">\u00a0<\/span><\/p>\n<p><span style=\"font-family: arial,helvetica,sans-serif; font-size: small;\">Laut Berichten \u00f6sterreichischer Zeitungen schreibt die Vizerektorin Ulrike Syrch in einem E-Mail an ihre Mitarbeitenden, sie habe die Funktion \u00abwegen Umst\u00e4nden im Rektorat\u00bb, die f\u00fcr sie nicht mehr zumutbar seien, niedergelegt.<\/span><\/p>\n<p><span style=\"font-family: arial,helvetica,sans-serif; font-size: small;\">\u00a0<\/span><\/p>\n<p><span style=\"font-family: arial,helvetica,sans-serif; font-size: small;\">Regula Rapp war vom Universit\u00e4ts-Rat gew\u00e4hlt worden (siehe Codexflores-<a href=\"http:\/\/www.codexflores.ch\/index.php\/component\/content\/article\/2-nachrichten\/2208-eine-frau-an-der-spitze-der-wiener-kunstuni\">Nachricht<\/a>), obwohl der Senat der Universit\u00e4t auf seinem Dreiervorschlag Syrch favorisierte und sich nun br\u00fcskiert f\u00fchlt. Morgen will er laut <em>Die Presse<\/em> beraten, wie er gegen die Entscheidung des Uni-Rats vorgehen k\u00f6nnte.\u00a0Der Rat muss Empfehlungen des Senats allerdings nicht folgen, sondern bloss aus dem vorgelegten Dreiervorschlag w\u00e4hlen. <em>(cf)<\/em><\/span><\/p>\n<p><span style=\"font-family: arial,helvetica,sans-serif; font-size: small;\">\u00a0<\/span><\/p>\n","protected":false},"excerpt":{"rendered":"<p><span style=\"font-family: arial,helvetica,sans-serif; font-size: small;\">09.04.2015 &#8212; Die Wahl Regula Rapps als Rektorin der Wiener Kunstuni ist nicht ohne Nebenger\u00e4usche \u00fcber die B\u00fchnen gegangen. Die Vizerektorin, die selber Kandidatin war, ist unter Protest zur\u00fcckgetreten.<\/span><\/p>\n","protected":false},"author":1,"featured_media":0,"comment_status":"open","ping_status":"open","sticky":false,"template":"","format":"standard","meta":{"footnotes":""},"categories":[2],"tags":[],"class_list":["post-2213","post","type-post","status-publish","format-standard","hentry","category-nachrichten","entry"],"_links":{"self":[{"href":"https:\/\/codexflores.ch\/index.php\/wp-json\/wp\/v2\/posts\/2213","targetHints":{"allow":["GET"]}}],"collection":[{"href":"https:\/\/codexflores.ch\/index.php\/wp-json\/wp\/v2\/posts"}],"about":[{"href":"https:\/\/codexflores.ch\/index.php\/wp-json\/wp\/v2\/types\/post"}],"author":[{"embeddable":true,"href":"https:\/\/codexflores.ch\/index.php\/wp-json\/wp\/v2\/users\/1"}],"replies":[{"embeddable":true,"href":"https:\/\/codexflores.ch\/index.php\/wp-json\/wp\/v2\/comments?post=2213"}],"version-history":[{"count":0,"href":"https:\/\/codexflores.ch\/index.php\/wp-json\/wp\/v2\/posts\/2213\/revisions"}],"wp:attachment":[{"href":"https:\/\/codexflores.ch\/index.php\/wp-json\/wp\/v2\/media?parent=2213"}],"wp:term":[{"taxonomy":"category","embeddable":true,"href":"https:\/\/codexflores.ch\/index.php\/wp-json\/wp\/v2\/categories?post=2213"},{"taxonomy":"post_tag","embeddable":true,"href":"https:\/\/codexflores.ch\/index.php\/wp-json\/wp\/v2\/tags?post=2213"}],"curies":[{"name":"wp","href":"https:\/\/api.w.org\/{rel}","templated":true}]}}