{"id":2214,"date":"2015-04-09T06:17:46","date_gmt":"2015-04-09T06:17:46","guid":{"rendered":"https:\/\/codexflores.ch\/index.php\/2015\/04\/09\/kaum-geoeffnet-schliesst-die-pariser-philharmonie-schon-wieder\/"},"modified":"2015-04-09T06:17:46","modified_gmt":"2015-04-09T06:17:46","slug":"kaum-geoeffnet-schliesst-die-pariser-philharmonie-schon-wieder","status":"publish","type":"post","link":"https:\/\/codexflores.ch\/index.php\/2015\/04\/09\/kaum-geoeffnet-schliesst-die-pariser-philharmonie-schon-wieder\/","title":{"rendered":"Kaum ge\u00f6ffnet schliesst die Pariser Philharmonie schon wieder"},"content":{"rendered":"<p><span style=\"font-family: arial,helvetica,sans-serif; font-size: small;\">09.04.2015 &#8212; Laut dem <em>Canard Encha\u00een\u00e9<\/em> muss die erst gerade eingeweihte Philharmonie de Paris im Sommer bereits wieder geschlossen werden, damit nicht vollendete Arbeiten zu Ende gef\u00fchrt werden k\u00f6nnen.<\/span><\/p>\n<p><span style=\"font-family: arial,helvetica,sans-serif; font-size: small;\"><strong>09.04.2015 &#8212; Laut dem <em>Canard Encha\u00een\u00e9<\/em> muss die erst gerade eingeweihte Philharmonie de Paris im Sommer bereits wieder geschlossen werden, damit nicht vollendete Arbeiten zu Ende gef\u00fchrt werden k\u00f6nnen.<\/strong><\/span><\/p>\n<p>\u00a0<\/p>\n<p><span style=\"font-family: arial,helvetica,sans-serif; font-size: small;\">Konzerte des sommerlichen Festivals Days Off sollen deshalb in der Philharmonie 2, der fr\u00fcheren Cit\u00e9 de la musique, durchgef\u00fchrt werden. \u00a0<\/span><\/p>\n<p>\u00a0<\/p>\n<p><span style=\"font-family: arial,helvetica,sans-serif; font-size: small;\">Jean Nouvel, der Architekt der Philharmonie de Paris, hatte bereits fr\u00fcher eine M\u00e4ngelliste vorgelegt, mit Arbeiten, die nicht nach seinen Vorstellungen realisiert wurden. Dar\u00fcber, ob diese nachkorrigiert werden und gegebenenfalls welche, soll offenbar am 16. April entschieden werden. <em>(cf)<\/em><\/span><\/p>\n<p>\u00a0<\/p>\n<p>\u00a0<\/p>\n","protected":false},"excerpt":{"rendered":"<p><span style=\"font-family: arial,helvetica,sans-serif; font-size: small;\">09.04.2015 &#8212; Laut dem <em>Canard Encha\u00een\u00e9<\/em> muss die erst gerade eingeweihte Philharmonie de Paris im Sommer bereits wieder geschlossen werden, damit nicht vollendete Arbeiten zu Ende gef\u00fchrt werden k\u00f6nnen.<\/span><\/p>\n","protected":false},"author":1,"featured_media":0,"comment_status":"open","ping_status":"open","sticky":false,"template":"","format":"standard","meta":{"footnotes":""},"categories":[2],"tags":[],"class_list":["post-2214","post","type-post","status-publish","format-standard","hentry","category-nachrichten","entry"],"_links":{"self":[{"href":"https:\/\/codexflores.ch\/index.php\/wp-json\/wp\/v2\/posts\/2214","targetHints":{"allow":["GET"]}}],"collection":[{"href":"https:\/\/codexflores.ch\/index.php\/wp-json\/wp\/v2\/posts"}],"about":[{"href":"https:\/\/codexflores.ch\/index.php\/wp-json\/wp\/v2\/types\/post"}],"author":[{"embeddable":true,"href":"https:\/\/codexflores.ch\/index.php\/wp-json\/wp\/v2\/users\/1"}],"replies":[{"embeddable":true,"href":"https:\/\/codexflores.ch\/index.php\/wp-json\/wp\/v2\/comments?post=2214"}],"version-history":[{"count":0,"href":"https:\/\/codexflores.ch\/index.php\/wp-json\/wp\/v2\/posts\/2214\/revisions"}],"wp:attachment":[{"href":"https:\/\/codexflores.ch\/index.php\/wp-json\/wp\/v2\/media?parent=2214"}],"wp:term":[{"taxonomy":"category","embeddable":true,"href":"https:\/\/codexflores.ch\/index.php\/wp-json\/wp\/v2\/categories?post=2214"},{"taxonomy":"post_tag","embeddable":true,"href":"https:\/\/codexflores.ch\/index.php\/wp-json\/wp\/v2\/tags?post=2214"}],"curies":[{"name":"wp","href":"https:\/\/api.w.org\/{rel}","templated":true}]}}