{"id":2216,"date":"2015-04-09T08:27:19","date_gmt":"2015-04-09T08:27:19","guid":{"rendered":"https:\/\/codexflores.ch\/index.php\/2015\/04\/09\/kuhl-gewinnt-art-mentor-foundation-lucerne-award\/"},"modified":"2015-04-09T08:27:19","modified_gmt":"2015-04-09T08:27:19","slug":"kuhl-gewinnt-art-mentor-foundation-lucerne-award","status":"publish","type":"post","link":"https:\/\/codexflores.ch\/index.php\/2015\/04\/09\/kuhl-gewinnt-art-mentor-foundation-lucerne-award\/","title":{"rendered":"Kuhl gewinnt Art Mentor Foundation Lucerne Award"},"content":{"rendered":"<p><span style=\"font-family: arial,helvetica,sans-serif; font-size: small;\">09.04.2015 &#8212; <span style=\"line-height: 115%;\">Jan Esra Kuhl ist zum Preistr\u00e4ger des diesj\u00e4hrigen <\/span><em><span style=\"line-height: 115%;\">\u00ab<\/span><\/em><span style=\"line-height: 115%;\">Art Mentor Foundation Lucerne Award for Young Composers\u00bb <\/span><span style=\"line-height: 115%;\">auserkoren worden. Der Preis wird von der Stiftung alle zwei Jahre in Zusammenarbeit mit dem Luzerner Sinfonieorchester LSO an einen jungen Komponisten oder eine junge Komponistin vergeben.<\/span><\/span><\/p>\n<p><span style=\"font-family: arial,helvetica,sans-serif; font-size: small;\"><strong>09.04.2015 &#8212; <span style=\"line-height: 115%;\">Jan Esra Kuhl ist zum Preistr\u00e4ger des diesj\u00e4hrigen <\/span><em><span style=\"line-height: 115%;\">\u00ab<\/span><\/em><span style=\"line-height: 115%;\">Art Mentor Foundation Lucerne Award for Young Composers\u00bb <\/span><span style=\"line-height: 115%;\">auserkoren worden. Der Preis wird von der Stiftung alle zwei Jahre in Zusammenarbeit mit dem Luzerner Sinfonieorchester LSO an einen jungen Komponisten oder eine junge Komponistin vergeben.<\/span><\/strong><\/span><\/p>\n<p><span style=\"font-size: small; line-height: 115%; font-family: arial,helvetica,sans-serif;\">\u00a0<\/span><\/p>\n<p><span style=\"font-size: small; line-height: 115%; font-family: arial,helvetica,sans-serif;\"><span style=\"line-height: 115%;\">Der Preis ist mit 10\u2018000 Franken dotiert.<\/span> <span style=\"line-height: 115%;\">Kuhl <\/span>\u00a0wird erm\u00f6glicht, ein Werk f\u00fcr Orchester zu schreiben, das im regul\u00e4ren Konzertzyklus des LSO zur Urauff\u00fchrung gebracht und ins Repertoire des Orchesters aufgenommen wird.<\/span><\/p>\n<p><span style=\"font-size: small; line-height: 115%; font-family: arial,helvetica,sans-serif;\"> <br \/><\/span><\/p>\n<p>\u00a0<\/p>\n<p><span style=\"font-size: small; line-height: 115%; font-family: arial,helvetica,sans-serif;\"><span style=\"font-family: arial,helvetica,sans-serif; font-size: small;\"><span style=\"line-height: 115%;\">Der 26-j\u00e4hrige <\/span><\/span>Jan Esra Kuhl studierte Komposition an den Musikhochschulen in Freiburg und K\u00f6ln bei J\u00f6rg Widmann, Brice Pauset und Johannes Sch\u00f6llhorn. Seit 2009 ist der Stipendiat des Cusanuswerks. 2012 wurde er mit dem Gustav-Scheck-Preis ausgezeichnet und erhielt in diesem Jahr ein zweimonatiges Arbeitsstipendium auf Schloss Solitude in Stuttgart.<em> (cf)<\/em><\/span><\/p>\n<p>\u00a0<\/p>\n<p>\u00a0<\/p>\n","protected":false},"excerpt":{"rendered":"<p><span style=\"font-family: arial,helvetica,sans-serif; font-size: small;\">09.04.2015 &#8212; <span style=\"line-height: 115%;\">Jan Esra Kuhl ist zum Preistr\u00e4ger des diesj\u00e4hrigen <\/span><em><span style=\"line-height: 115%;\">\u00ab<\/span><\/em><span style=\"line-height: 115%;\">Art Mentor Foundation Lucerne Award for Young Composers\u00bb <\/span><span style=\"line-height: 115%;\">auserkoren worden. Der Preis wird von der Stiftung alle zwei Jahre in Zusammenarbeit mit dem Luzerner Sinfonieorchester LSO an einen jungen Komponisten oder eine junge Komponistin vergeben.<\/span><\/span><\/p>\n","protected":false},"author":1,"featured_media":0,"comment_status":"open","ping_status":"open","sticky":false,"template":"","format":"standard","meta":{"footnotes":""},"categories":[2],"tags":[],"class_list":["post-2216","post","type-post","status-publish","format-standard","hentry","category-nachrichten","entry"],"_links":{"self":[{"href":"https:\/\/codexflores.ch\/index.php\/wp-json\/wp\/v2\/posts\/2216","targetHints":{"allow":["GET"]}}],"collection":[{"href":"https:\/\/codexflores.ch\/index.php\/wp-json\/wp\/v2\/posts"}],"about":[{"href":"https:\/\/codexflores.ch\/index.php\/wp-json\/wp\/v2\/types\/post"}],"author":[{"embeddable":true,"href":"https:\/\/codexflores.ch\/index.php\/wp-json\/wp\/v2\/users\/1"}],"replies":[{"embeddable":true,"href":"https:\/\/codexflores.ch\/index.php\/wp-json\/wp\/v2\/comments?post=2216"}],"version-history":[{"count":0,"href":"https:\/\/codexflores.ch\/index.php\/wp-json\/wp\/v2\/posts\/2216\/revisions"}],"wp:attachment":[{"href":"https:\/\/codexflores.ch\/index.php\/wp-json\/wp\/v2\/media?parent=2216"}],"wp:term":[{"taxonomy":"category","embeddable":true,"href":"https:\/\/codexflores.ch\/index.php\/wp-json\/wp\/v2\/categories?post=2216"},{"taxonomy":"post_tag","embeddable":true,"href":"https:\/\/codexflores.ch\/index.php\/wp-json\/wp\/v2\/tags?post=2216"}],"curies":[{"name":"wp","href":"https:\/\/api.w.org\/{rel}","templated":true}]}}