{"id":2217,"date":"2015-04-10T05:50:41","date_gmt":"2015-04-10T05:50:41","guid":{"rendered":"https:\/\/codexflores.ch\/index.php\/2015\/04\/10\/deutscher-chorverband-klagt-gegen-bundesbildungsministerium\/"},"modified":"2015-04-10T05:50:41","modified_gmt":"2015-04-10T05:50:41","slug":"deutscher-chorverband-klagt-gegen-bundesbildungsministerium","status":"publish","type":"post","link":"https:\/\/codexflores.ch\/index.php\/2015\/04\/10\/deutscher-chorverband-klagt-gegen-bundesbildungsministerium\/","title":{"rendered":"Deutscher Chorverband klagt gegen Bundesbildungsministerium"},"content":{"rendered":"<p>10.04.2015 &#8212; In der Deutschen Bundeskulturpolitik h\u00e4ngt der Haussegen schief: Der Deutsche Chorverband (DCV) zieht gegen das Bundesministerium f\u00fcr Bildung und Forschung (BMBF) vor Gericht.<\/p>\n<p><strong>10.04.2015 &#8212; In der Deutschen Bundeskulturpolitik h\u00e4ngt der Haussegen schief: Der Deutsche Chorverband (DCV) zieht gegen das Bundesministerium f\u00fcr Bildung und Forschung (BMBF) vor Gericht.<\/strong><\/p>\n<p>\u00a0<\/p>\n<p>Laut der offiziellen Medienmitteilung des DCV geht es um die Vergabe von bis zu 4,7 Millionen Euro F\u00f6rdergelder an Singprojekte mit\u00a0 bildungsbenachteiligten Kindern. Das Geld war dem DCV Anfang 2013 f\u00fcr den Zeitraum bis Ende 2015 bewilligt worden. Dar\u00fcber hinaus seien dem Chorverband weitere 4,3 Millionen Euro f\u00fcr eine Fortsetzung des Programmes bis 2017 in Aussicht gestellt worden. Allerdings habe sich das Ministerium rund neun Monate lang geweigert, den Projekten bereits vom DCV bewilligte Gelder auszuzahlen.<\/p>\n<p> Anfang Juli 2014 waren die Projektgelder gesperrt worden. Begr\u00fcndung: Viele der Antr\u00e4ge w\u00fcrden M\u00e4ngel hinsichtlich der F\u00f6rderbedingungen aufweisen. So ginge etwa aus diesen h\u00e4ufig nicht die konkrete Zahl der bildungsbenachteiligten Kinder in den kooperierenden Kinderg\u00e4rten und Grundschulen hervor. Da die Zahlungssperre auch von den Projekten bereits ausgegebene Gelder betreffe, warteten seit einem Dreivierteljahr rund 1000 Musikp\u00e4dagogen, Chorleiter, Musiker und ehrenamtliche Helfer auf Honorare oder Aufwandsentsch\u00e4digungen.<\/p>\n<p>\u00a0<\/p>\n<p>Viele Projektverantwortliche h\u00e4tten Rechnungen f\u00fcr Raummieten, Fahrtkosten oder Verpflegung aus eigener Tasche begleichen m\u00fcssen, so der DCV weiter. Einige Kulturvereine st\u00fcnden aufgrund der ausbleibenden Gelder sogar vor der Insolvenz. Das in deisem Rahmen betriebene \u00absture Abhaken von formalen F\u00f6rderkriterien gehe oft v\u00f6llig an der Realit\u00e4t von kultureller Basisarbeit vorbei\u00bb, erkl\u00e4rt Henning Scherf, ehemaliger B\u00fcrgermeister von Bremen und seit 2005 Pr\u00e4sident des DCV. <em>(cf)<\/em><\/p>\n<p>\u00a0<\/p>\n<p>\u00a0<\/p>\n","protected":false},"excerpt":{"rendered":"<p>10.04.2015 &#8212; In der Deutschen Bundeskulturpolitik h\u00e4ngt der Haussegen schief: Der Deutsche Chorverband (DCV) zieht gegen das Bundesministerium f\u00fcr Bildung und Forschung (BMBF) vor Gericht.<\/p>\n","protected":false},"author":1,"featured_media":0,"comment_status":"open","ping_status":"open","sticky":false,"template":"","format":"standard","meta":{"footnotes":""},"categories":[2],"tags":[],"class_list":["post-2217","post","type-post","status-publish","format-standard","hentry","category-nachrichten","entry"],"_links":{"self":[{"href":"https:\/\/codexflores.ch\/index.php\/wp-json\/wp\/v2\/posts\/2217","targetHints":{"allow":["GET"]}}],"collection":[{"href":"https:\/\/codexflores.ch\/index.php\/wp-json\/wp\/v2\/posts"}],"about":[{"href":"https:\/\/codexflores.ch\/index.php\/wp-json\/wp\/v2\/types\/post"}],"author":[{"embeddable":true,"href":"https:\/\/codexflores.ch\/index.php\/wp-json\/wp\/v2\/users\/1"}],"replies":[{"embeddable":true,"href":"https:\/\/codexflores.ch\/index.php\/wp-json\/wp\/v2\/comments?post=2217"}],"version-history":[{"count":0,"href":"https:\/\/codexflores.ch\/index.php\/wp-json\/wp\/v2\/posts\/2217\/revisions"}],"wp:attachment":[{"href":"https:\/\/codexflores.ch\/index.php\/wp-json\/wp\/v2\/media?parent=2217"}],"wp:term":[{"taxonomy":"category","embeddable":true,"href":"https:\/\/codexflores.ch\/index.php\/wp-json\/wp\/v2\/categories?post=2217"},{"taxonomy":"post_tag","embeddable":true,"href":"https:\/\/codexflores.ch\/index.php\/wp-json\/wp\/v2\/tags?post=2217"}],"curies":[{"name":"wp","href":"https:\/\/api.w.org\/{rel}","templated":true}]}}