{"id":2220,"date":"2015-04-13T06:11:58","date_gmt":"2015-04-13T06:11:58","guid":{"rendered":"https:\/\/codexflores.ch\/index.php\/2015\/04\/13\/aus-dem-soz-werden-die-zuercher-symphoniker\/"},"modified":"2015-04-13T06:11:58","modified_gmt":"2015-04-13T06:11:58","slug":"aus-dem-soz-werden-die-zuercher-symphoniker","status":"publish","type":"post","link":"https:\/\/codexflores.ch\/index.php\/2015\/04\/13\/aus-dem-soz-werden-die-zuercher-symphoniker\/","title":{"rendered":"Aus dem SOZ werden die Z\u00fcrcher Symphoniker"},"content":{"rendered":"<p><span style=\"font-family: arial,helvetica,sans-serif; font-size: small;\">13.04.2015 &#8212; Langj\u00e4hrige Musiker des fr\u00fcheren Symphonischen Orchesters Z\u00fcrich haben sich in einem Tr\u00e4gerverein wieder formiert und wagen den Neustart. Das Ensemble war vor zwei Jahren wegen Lohndumpings im Rahmen einer Aida-Auff\u00fchrung beim Festival La Perla in Pf\u00e4ffikon in Misskredit geraten.<\/span><\/p>\n<p><span style=\"font-family: arial,helvetica,sans-serif; font-size: small;\"><strong>13.04.2015 &#8212; Langj\u00e4hrige Musiker des fr\u00fcheren Symphonischen Orchesters Z\u00fcrich haben sich in einem Tr\u00e4gerverein wieder formiert und wagen den Neustart. Das Ensemble war vor zwei Jahren wegen Lohndumpings im Rahmen einer Aida-Auff\u00fchrung beim Festival La Perla in Pf\u00e4ffikon in Misskredit geraten.<\/strong><\/span><\/p>\n<p>\u00a0<\/p>\n<p><span style=\"font-family: arial,helvetica,sans-serif; font-size: small;\">\u00abDas Missmanagement durch die Agentur, welche die operative Leitung des Orchesters w\u00e4hrend rund zwei Jahren innegehabt hatte\u00bb, habe es fast ruiniert, schreibt das Orchester. Die meist langj\u00e4hrigen Stamm-Mitglieder des Orchesters h\u00e4tten sich nun \u00abmit weiteren ausgezeichneten Musikern\u00bb und dem Dirigenten Mario Beretta entschlossen, neu zu starten. Als Konzertmeisterin amtet Maria Solozobova. Am 16. Mai werden die Z\u00fcrcher Symphoniker sich im Rahmen eines Er\u00f6ffnungskonzerts erstmals dem Publikum pr\u00e4sentieren.<\/span><\/p>\n<p>\u00a0<\/p>\n<p><span style=\"font-family: arial,helvetica,sans-serif; font-size: small;\">Die 2013 vom damaligen Symphonischen Orchester Z\u00fcrich gebotenen Dumpingl\u00f6hne im Rahmen einer Pf\u00e4ffiker Aida-Auff\u00fchrung hatten hohe Wellen geschlagen und unter anderem zu scharfen Protesten des Schweizerischen Musikerverbands sowie medialen Grundsatzdebatten \u00fcber die Arbeitsbedingungen von Musikern gef\u00fchrt.<em> (cf)<\/em><\/span><\/p>\n<p>\u00a0<\/p>\n","protected":false},"excerpt":{"rendered":"<p><span style=\"font-family: arial,helvetica,sans-serif; font-size: small;\">13.04.2015 &#8212; Langj\u00e4hrige Musiker des fr\u00fcheren Symphonischen Orchesters Z\u00fcrich haben sich in einem Tr\u00e4gerverein wieder formiert und wagen den Neustart. Das Ensemble war vor zwei Jahren wegen Lohndumpings im Rahmen einer Aida-Auff\u00fchrung beim Festival La Perla in Pf\u00e4ffikon in Misskredit geraten.<\/span><\/p>\n","protected":false},"author":1,"featured_media":0,"comment_status":"open","ping_status":"open","sticky":false,"template":"","format":"standard","meta":{"footnotes":""},"categories":[2],"tags":[],"class_list":["post-2220","post","type-post","status-publish","format-standard","hentry","category-nachrichten","entry"],"_links":{"self":[{"href":"https:\/\/codexflores.ch\/index.php\/wp-json\/wp\/v2\/posts\/2220","targetHints":{"allow":["GET"]}}],"collection":[{"href":"https:\/\/codexflores.ch\/index.php\/wp-json\/wp\/v2\/posts"}],"about":[{"href":"https:\/\/codexflores.ch\/index.php\/wp-json\/wp\/v2\/types\/post"}],"author":[{"embeddable":true,"href":"https:\/\/codexflores.ch\/index.php\/wp-json\/wp\/v2\/users\/1"}],"replies":[{"embeddable":true,"href":"https:\/\/codexflores.ch\/index.php\/wp-json\/wp\/v2\/comments?post=2220"}],"version-history":[{"count":0,"href":"https:\/\/codexflores.ch\/index.php\/wp-json\/wp\/v2\/posts\/2220\/revisions"}],"wp:attachment":[{"href":"https:\/\/codexflores.ch\/index.php\/wp-json\/wp\/v2\/media?parent=2220"}],"wp:term":[{"taxonomy":"category","embeddable":true,"href":"https:\/\/codexflores.ch\/index.php\/wp-json\/wp\/v2\/categories?post=2220"},{"taxonomy":"post_tag","embeddable":true,"href":"https:\/\/codexflores.ch\/index.php\/wp-json\/wp\/v2\/tags?post=2220"}],"curies":[{"name":"wp","href":"https:\/\/api.w.org\/{rel}","templated":true}]}}