{"id":2222,"date":"2015-04-14T05:35:15","date_gmt":"2015-04-14T05:35:15","guid":{"rendered":"https:\/\/codexflores.ch\/index.php\/2015\/04\/14\/benefizkonzert-der-musicians-for-human-rights\/"},"modified":"2015-04-14T05:35:15","modified_gmt":"2015-04-14T05:35:15","slug":"benefizkonzert-der-musicians-for-human-rights","status":"publish","type":"post","link":"https:\/\/codexflores.ch\/index.php\/2015\/04\/14\/benefizkonzert-der-musicians-for-human-rights\/","title":{"rendered":"Benefizkonzert der Musicians for Human Rights"},"content":{"rendered":"<p><span style=\"font-family: arial,helvetica,sans-serif; font-size: small;\">14.04.2015 &#8212; Im Rahmen der 2009 gegr\u00fcndeten Initiative Musicians for Human Rights wird in Luzern erneut ein Benefizkonzert veranstaltet. <span style=\"font-family: arial,helvetica,sans-serif; font-size: small;\">Der Erl\u00f6s kommt vollumf\u00e4nglich dem Projekt Maher im indischen Pune zugute<\/span><br \/><\/span><\/p>\n<p><span style=\"font-family: arial,helvetica,sans-serif; font-size: small;\"><strong>14.04.2015 &#8212; Im Rahmen der 2009 gegr\u00fcndeten Initiative Musicians for Human Rights wird in Luzern erneut ein Benefizkonzert veranstaltet. <span style=\"font-family: arial,helvetica,sans-serif; font-size: small;\">Der Erl\u00f6s kommt vollumf\u00e4nglich dem Projekt Maher im indischen Pune zugute<\/span><br \/><\/strong><\/span><\/p>\n<p><span style=\"font-family: arial,helvetica,sans-serif; font-size: small;\">\u00a0<\/span><\/p>\n<p><span style=\"font-family: arial,helvetica,sans-serif; font-size: small;\"><span style=\"font-family: arial,helvetica,sans-serif; font-size: small;\">Am 29. April 2015 konzertieren im KKL Luzern K\u00fcnstler und K\u00fcnstlerinnen aus Orchestern wie der Staatskapelle Berlin, dem London Philharmonic Orchestra, den English Baroque Soloists und dem Orchestra del Teatro La Fenice, aber auch dem Radio Orchestra della Svizzera Italiana und dem Lucerne Festival Orchestra.<\/span><\/span><\/p>\n<p><span style=\"font-family: arial,helvetica,sans-serif; font-size: small;\">\u00a0<\/span><\/p>\n<p><span style=\"font-family: arial,helvetica,sans-serif; font-size: small;\">Der Pianist Teo Gheorghiu spielt Beethovens drittes Klavierkonzert, der russische Violinist Ilya Gringolts als Europapremiere das Violinkonzert <em>I Will Not Remain Silent<\/em> von 2014, das vom Leben des j\u00fcdischen Menschenrechts-\u00ad\u2010Aktivisten Joachim Prinz inspiriert ist. Das Werk wurde vom HRO beim US-\u00ad\u2010Komponisten Bruce Adolphe in Auftrag gegeben. Der Italiener Alessio Allegrini, Solohornist im Lucerne Festival Orchestra, der Gr\u00fcnder der Initiative, leitet das Orchester als Dirigent. <\/span><\/p>\n<p>\u00a0<\/p>\n<p><span style=\"font-family: arial,helvetica,sans-serif; font-size: small;\">Ziel der Benefizkonzerte ist es, Gelder f\u00fcr Menschenrechts-\u00ad\u2010Organisationen wie M\u00e9decins Sans Fronti\u00e8res oder AfriAfrya zu sammeln. Der Erl\u00f6s kommt vollumf\u00e4nglich dem Projekt Maher im indischen Pune zugute. Es unterst\u00fctzt Frauen, die Opfer von h\u00e4uslicher Gewalt geworden sind. Wie immer verzichten alle Auftretenden auf ihre Gage.\u00a0 <em>(cf)<\/em><\/span><\/p>\n<p><em>\u00a0<\/em><\/p>\n<p>Mehr Infos: <a href=\"http:\/\/www.musiciansforhumanrights.org\/concerts-\u00ad\u20101\" target=\"_blank\" rel=\"noopener noreferrer\">www.musiciansforhumanrights.org<em><br \/><\/em><\/a><\/p>\n<p>\u00a0<\/p>\n<p>\u00a0<\/p>\n<p>\u00a0<\/p>\n","protected":false},"excerpt":{"rendered":"<p><span style=\"font-family: arial,helvetica,sans-serif; font-size: small;\">14.04.2015 &#8212; Im Rahmen der 2009 gegr\u00fcndeten Initiative Musicians for Human Rights wird in Luzern erneut ein Benefizkonzert veranstaltet. <span style=\"font-family: arial,helvetica,sans-serif; font-size: small;\">Der Erl\u00f6s kommt vollumf\u00e4nglich dem Projekt Maher im indischen Pune zugute<\/span><br \/><\/span><\/p>\n","protected":false},"author":1,"featured_media":0,"comment_status":"open","ping_status":"open","sticky":false,"template":"","format":"standard","meta":{"footnotes":""},"categories":[2],"tags":[],"class_list":["post-2222","post","type-post","status-publish","format-standard","hentry","category-nachrichten","entry"],"_links":{"self":[{"href":"https:\/\/codexflores.ch\/index.php\/wp-json\/wp\/v2\/posts\/2222","targetHints":{"allow":["GET"]}}],"collection":[{"href":"https:\/\/codexflores.ch\/index.php\/wp-json\/wp\/v2\/posts"}],"about":[{"href":"https:\/\/codexflores.ch\/index.php\/wp-json\/wp\/v2\/types\/post"}],"author":[{"embeddable":true,"href":"https:\/\/codexflores.ch\/index.php\/wp-json\/wp\/v2\/users\/1"}],"replies":[{"embeddable":true,"href":"https:\/\/codexflores.ch\/index.php\/wp-json\/wp\/v2\/comments?post=2222"}],"version-history":[{"count":0,"href":"https:\/\/codexflores.ch\/index.php\/wp-json\/wp\/v2\/posts\/2222\/revisions"}],"wp:attachment":[{"href":"https:\/\/codexflores.ch\/index.php\/wp-json\/wp\/v2\/media?parent=2222"}],"wp:term":[{"taxonomy":"category","embeddable":true,"href":"https:\/\/codexflores.ch\/index.php\/wp-json\/wp\/v2\/categories?post=2222"},{"taxonomy":"post_tag","embeddable":true,"href":"https:\/\/codexflores.ch\/index.php\/wp-json\/wp\/v2\/tags?post=2222"}],"curies":[{"name":"wp","href":"https:\/\/api.w.org\/{rel}","templated":true}]}}