{"id":2224,"date":"2015-04-14T12:41:06","date_gmt":"2015-04-14T12:41:06","guid":{"rendered":"https:\/\/codexflores.ch\/index.php\/2015\/04\/14\/chichon-verlaesst-deutsche-radio-philharmonie-2017\/"},"modified":"2015-04-14T12:41:06","modified_gmt":"2015-04-14T12:41:06","slug":"chichon-verlaesst-deutsche-radio-philharmonie-2017","status":"publish","type":"post","link":"https:\/\/codexflores.ch\/index.php\/2015\/04\/14\/chichon-verlaesst-deutsche-radio-philharmonie-2017\/","title":{"rendered":"Chichon verl\u00e4sst Deutsche Radio Philharmonie 2017"},"content":{"rendered":"<p><span style=\"font-family: arial,helvetica,sans-serif; font-size: small;\">14.04.2015 &#8212; Karel Mark Chichon beendet im Sommer 2017 vertragsgem\u00e4ss sein Engagement als Chefdirigent der Deutschen Radio Philharmonie. Dies haben er und die Intendanten des Saarl\u00e4ndischen Rundfunks und des S\u00fcdwestrundfunks im gegenseitigen Einvernehmen erkl\u00e4rt.<\/span><\/p>\n<p><span style=\"font-family: arial,helvetica,sans-serif; font-size: small;\"><strong>14.04.2015 &#8212; Karel Mark Chichon beendet im Sommer 2017 vertragsgem\u00e4ss sein Engagement als Chefdirigent der Deutschen Radio Philharmonie. Dies haben er und die Intendanten des Saarl\u00e4ndischen Rundfunks und des S\u00fcdwestrundfunks im gegenseitigen Einvernehmen erkl\u00e4rt.<\/strong><\/span><\/p>\n<p><span style=\"font-family: arial,helvetica,sans-serif; font-size: small;\">\u00a0<\/span><\/p>\n<p><span style=\"font-family: arial,helvetica,sans-serif; font-size: small;\">Karel Mark Chichon \u00fcbernahm die Position des Chefdirigenten im Jahr 2011 zun\u00e4chst f\u00fcr drei Jahre und verl\u00e4ngerte im Anschluss um drei weitere Jahre bis 2017. Nach sechs intensiven und inspirierenden Jahren als Chefdirigent der Deutschen Radio Philharmonie sehe er meine Arbeit im Sommer 2017 als abgeschlossen an, erkl\u00e4rt der Dirigent laut der offiziellen Medienmitteilung.<\/span><\/p>\n<p><span style=\"font-family: arial,helvetica,sans-serif; font-size: small;\">\u00a0<\/span><\/p>\n<p><span style=\"font-family: 'Verdana',sans-serif;\"><span style=\"font-family: 'Verdana',sans-serif;\"><span style=\"font-family: arial,helvetica,sans-serif; font-size: small;\"> F\u00fcr den SR und SWR sei der richtige Zeitpunkt gekommen einen Nachfolger zu ernennen, der das Orchester weiterentwickle und in eine neue Richtung f\u00fchre. <em>(cf)<\/em> <\/span><br \/><\/span><\/span><\/p>\n<p>\u00a0<\/p>\n","protected":false},"excerpt":{"rendered":"<p><span style=\"font-family: arial,helvetica,sans-serif; font-size: small;\">14.04.2015 &#8212; Karel Mark Chichon beendet im Sommer 2017 vertragsgem\u00e4ss sein Engagement als Chefdirigent der Deutschen Radio Philharmonie. Dies haben er und die Intendanten des Saarl\u00e4ndischen Rundfunks und des S\u00fcdwestrundfunks im gegenseitigen Einvernehmen erkl\u00e4rt.<\/span><\/p>\n","protected":false},"author":1,"featured_media":0,"comment_status":"open","ping_status":"open","sticky":false,"template":"","format":"standard","meta":{"footnotes":""},"categories":[2],"tags":[],"class_list":["post-2224","post","type-post","status-publish","format-standard","hentry","category-nachrichten","entry"],"_links":{"self":[{"href":"https:\/\/codexflores.ch\/index.php\/wp-json\/wp\/v2\/posts\/2224","targetHints":{"allow":["GET"]}}],"collection":[{"href":"https:\/\/codexflores.ch\/index.php\/wp-json\/wp\/v2\/posts"}],"about":[{"href":"https:\/\/codexflores.ch\/index.php\/wp-json\/wp\/v2\/types\/post"}],"author":[{"embeddable":true,"href":"https:\/\/codexflores.ch\/index.php\/wp-json\/wp\/v2\/users\/1"}],"replies":[{"embeddable":true,"href":"https:\/\/codexflores.ch\/index.php\/wp-json\/wp\/v2\/comments?post=2224"}],"version-history":[{"count":0,"href":"https:\/\/codexflores.ch\/index.php\/wp-json\/wp\/v2\/posts\/2224\/revisions"}],"wp:attachment":[{"href":"https:\/\/codexflores.ch\/index.php\/wp-json\/wp\/v2\/media?parent=2224"}],"wp:term":[{"taxonomy":"category","embeddable":true,"href":"https:\/\/codexflores.ch\/index.php\/wp-json\/wp\/v2\/categories?post=2224"},{"taxonomy":"post_tag","embeddable":true,"href":"https:\/\/codexflores.ch\/index.php\/wp-json\/wp\/v2\/tags?post=2224"}],"curies":[{"name":"wp","href":"https:\/\/api.w.org\/{rel}","templated":true}]}}