{"id":2226,"date":"2015-04-15T06:21:17","date_gmt":"2015-04-15T06:21:17","guid":{"rendered":"https:\/\/codexflores.ch\/index.php\/2015\/04\/15\/meyer-bleibt-wiener-volksopern-direktor\/"},"modified":"2015-04-15T06:21:17","modified_gmt":"2015-04-15T06:21:17","slug":"meyer-bleibt-wiener-volksopern-direktor","status":"publish","type":"post","link":"https:\/\/codexflores.ch\/index.php\/2015\/04\/15\/meyer-bleibt-wiener-volksopern-direktor\/","title":{"rendered":"Meyer bleibt Wiener Volksopern-Direktor"},"content":{"rendered":"<p><span style=\"font-family: arial,helvetica,sans-serif; font-size: small;\">15.04.2015 &#8212; Laut dem \u00f6strreichischen <em>Kurier<\/em> wird der Vertrag von Robert Meyer als Direktor der Wiener Volksoper um f\u00fcnf Jahre bis 2022 verl\u00e4ngert.<\/span><\/p>\n<p><span style=\"font-family: arial,helvetica,sans-serif; font-size: small;\"><strong>15.04.2015 &#8212; Laut dem \u00f6strreichischen <em>Kurier<\/em> wird der Vertrag von Robert Meyer als Direktor der Wiener Volksoper um f\u00fcnf Jahre bis 2022 verl\u00e4ngert.<\/strong><\/span><\/p>\n<p>\u00a0<\/p>\n<p><span style=\"font-family: arial,helvetica,sans-serif; font-size: small;\">Meyer und der kaufm\u00e4nnische Volksopern-Direktor Christoph Ladst\u00e4tter h\u00e4tten es \u00abohne Aufreger und mit einigen publikumswirksamen Inszenierungen geschafft, in schwierigen Zeiten f\u00fcr die Bundestheater das Haus am G\u00fcrtel als Ruhepol der Holding zu positionieren\u00bb, schreibt der <em>Kurier<\/em>. die Vertragsverl\u00e4ngerun liege deshalb auf der Hand.<\/span><\/p>\n<p>\u00a0<\/p>\n<p><span style=\"font-family: arial,helvetica,sans-serif; font-size: small;\">Um den Posten, der iwe gesetzlich vorgesehen, \u00f6ffentlich ausgeschrieben war, h\u00e4tten sich 14 Interessenten beworben, so der <em>Kurier<\/em> weiter. (cf)<\/span><\/p>\n<p>\u00a0<\/p>\n","protected":false},"excerpt":{"rendered":"<p><span style=\"font-family: arial,helvetica,sans-serif; font-size: small;\">15.04.2015 &#8212; Laut dem \u00f6strreichischen <em>Kurier<\/em> wird der Vertrag von Robert Meyer als Direktor der Wiener Volksoper um f\u00fcnf Jahre bis 2022 verl\u00e4ngert.<\/span><\/p>\n","protected":false},"author":1,"featured_media":0,"comment_status":"open","ping_status":"open","sticky":false,"template":"","format":"standard","meta":{"footnotes":""},"categories":[2],"tags":[],"class_list":["post-2226","post","type-post","status-publish","format-standard","hentry","category-nachrichten","entry"],"_links":{"self":[{"href":"https:\/\/codexflores.ch\/index.php\/wp-json\/wp\/v2\/posts\/2226","targetHints":{"allow":["GET"]}}],"collection":[{"href":"https:\/\/codexflores.ch\/index.php\/wp-json\/wp\/v2\/posts"}],"about":[{"href":"https:\/\/codexflores.ch\/index.php\/wp-json\/wp\/v2\/types\/post"}],"author":[{"embeddable":true,"href":"https:\/\/codexflores.ch\/index.php\/wp-json\/wp\/v2\/users\/1"}],"replies":[{"embeddable":true,"href":"https:\/\/codexflores.ch\/index.php\/wp-json\/wp\/v2\/comments?post=2226"}],"version-history":[{"count":0,"href":"https:\/\/codexflores.ch\/index.php\/wp-json\/wp\/v2\/posts\/2226\/revisions"}],"wp:attachment":[{"href":"https:\/\/codexflores.ch\/index.php\/wp-json\/wp\/v2\/media?parent=2226"}],"wp:term":[{"taxonomy":"category","embeddable":true,"href":"https:\/\/codexflores.ch\/index.php\/wp-json\/wp\/v2\/categories?post=2226"},{"taxonomy":"post_tag","embeddable":true,"href":"https:\/\/codexflores.ch\/index.php\/wp-json\/wp\/v2\/tags?post=2226"}],"curies":[{"name":"wp","href":"https:\/\/api.w.org\/{rel}","templated":true}]}}