{"id":2227,"date":"2015-04-15T06:34:02","date_gmt":"2015-04-15T06:34:02","guid":{"rendered":"https:\/\/codexflores.ch\/index.php\/2015\/04\/15\/kulman-will-keine-szenischen-opern-mehr-singen\/"},"modified":"2015-04-15T06:34:02","modified_gmt":"2015-04-15T06:34:02","slug":"kulman-will-keine-szenischen-opern-mehr-singen","status":"publish","type":"post","link":"https:\/\/codexflores.ch\/index.php\/2015\/04\/15\/kulman-will-keine-szenischen-opern-mehr-singen\/","title":{"rendered":"Kulman will keine szenischen Opern mehr singen"},"content":{"rendered":"<p><span style=\"font-family: arial,helvetica,sans-serif; font-size: small;\">15.04.2015 &#8212; Es sei die schwerste Entscheidung ihres Lebens gewesen, schreibt die S\u00e4ngerin Elisabeth Kulman. Sie habe ihre Agenten und die Intendanten gebeten, s\u00e4mtliche Verpflichtungen f\u00fcr szenische Opern aufzul\u00f6sen. Die Mezzosopranistin will ihre s\u00e4ngerische T\u00e4tigkeit in Zukunft auf das Konzertpodium beschr\u00e4nken.<\/span><\/p>\n<p><span style=\"font-family: arial,helvetica,sans-serif; font-size: small;\"><strong>15.04.2015 &#8212; Es sei die schwerste Entscheidung ihres Lebens gewesen, schreibt die S\u00e4ngerin Elisabeth Kulman. Sie habe ihre Agenten und die Intendanten gebeten, s\u00e4mtliche Verpflichtungen f\u00fcr szenische Opern aufzul\u00f6sen. Die Mezzosopranistin will ihre s\u00e4ngerische T\u00e4tigkeit in Zukunft auf das Konzertpodium beschr\u00e4nken.<\/strong><\/span><\/p>\n<p><span style=\"font-family: arial,helvetica,sans-serif; font-size: small;\">\u00a0<\/span><\/p>\n<p><span style=\"font-family: arial,helvetica,sans-serif; font-size: small;\">Elisabeth Kulman blickt laut d offiziellen Pressemitteilung \u00abauf ihre Opernb\u00fchnenkarriere mit Freude und Dankbarkeit zur\u00fcck\u00bb. Sie hoffe, f\u00fcr ihre pers\u00f6nliche Entscheidung Verst\u00e4ndnis zu finden, und freue sich auf viele k\u00fcnstlerischen Begegnungen bei konzertanten Projekten.<\/span><\/p>\n<p>\u00a0<\/p>\n<p><span style=\"font-family: arial,helvetica,sans-serif; font-size: small;\">Das Opernbusiness sei ein riesiger Betrieb, schreibt Kulman in einem Offenen Brief, der kreative Spielraum des einzelnen relativ klein. Als K\u00fcnstlerin gehe es ihr aber gerade um die eigene Kreativit\u00e4t, den pers\u00f6nlichen Ausdruck, die Individualit\u00e4t. Sie habe f\u00fcr sich pers\u00f6nlich herausgefunden, \u00abdass ich mein kreatives Potential am besten zur Entfaltung bringen kann, wenn ich nach meinen eigenen Regeln arbeiten kann und mich nicht fremden Strukturen unterordnen muss\u00bb. <\/span><\/p>\n<p>\u00a0<\/p>\n<p><span style=\"font-family: arial,helvetica,sans-serif; font-size: small;\">Deshalb will sie ihre Entscheidung nicht als allgemeine Kritik am heutigen Opernbetrieb verstandn wissen, sondern schlicht als Erkenntnis der Inkompatibilt\u00e4t mit ihrer Pers\u00f6nlichkeitsstruktur.<em> (cf)\u00a0<\/em> <\/span><\/p>\n","protected":false},"excerpt":{"rendered":"<p><span style=\"font-family: arial,helvetica,sans-serif; font-size: small;\">15.04.2015 &#8212; Es sei die schwerste Entscheidung ihres Lebens gewesen, schreibt die S\u00e4ngerin Elisabeth Kulman. Sie habe ihre Agenten und die Intendanten gebeten, s\u00e4mtliche Verpflichtungen f\u00fcr szenische Opern aufzul\u00f6sen. Die Mezzosopranistin will ihre s\u00e4ngerische T\u00e4tigkeit in Zukunft auf das Konzertpodium beschr\u00e4nken.<\/span><\/p>\n","protected":false},"author":1,"featured_media":0,"comment_status":"open","ping_status":"open","sticky":false,"template":"","format":"standard","meta":{"footnotes":""},"categories":[2],"tags":[],"class_list":["post-2227","post","type-post","status-publish","format-standard","hentry","category-nachrichten","entry"],"_links":{"self":[{"href":"https:\/\/codexflores.ch\/index.php\/wp-json\/wp\/v2\/posts\/2227","targetHints":{"allow":["GET"]}}],"collection":[{"href":"https:\/\/codexflores.ch\/index.php\/wp-json\/wp\/v2\/posts"}],"about":[{"href":"https:\/\/codexflores.ch\/index.php\/wp-json\/wp\/v2\/types\/post"}],"author":[{"embeddable":true,"href":"https:\/\/codexflores.ch\/index.php\/wp-json\/wp\/v2\/users\/1"}],"replies":[{"embeddable":true,"href":"https:\/\/codexflores.ch\/index.php\/wp-json\/wp\/v2\/comments?post=2227"}],"version-history":[{"count":0,"href":"https:\/\/codexflores.ch\/index.php\/wp-json\/wp\/v2\/posts\/2227\/revisions"}],"wp:attachment":[{"href":"https:\/\/codexflores.ch\/index.php\/wp-json\/wp\/v2\/media?parent=2227"}],"wp:term":[{"taxonomy":"category","embeddable":true,"href":"https:\/\/codexflores.ch\/index.php\/wp-json\/wp\/v2\/categories?post=2227"},{"taxonomy":"post_tag","embeddable":true,"href":"https:\/\/codexflores.ch\/index.php\/wp-json\/wp\/v2\/tags?post=2227"}],"curies":[{"name":"wp","href":"https:\/\/api.w.org\/{rel}","templated":true}]}}