{"id":2231,"date":"2015-04-16T06:44:21","date_gmt":"2015-04-16T06:44:21","guid":{"rendered":"https:\/\/codexflores.ch\/index.php\/2015\/04\/16\/baden-wuerttembergs-rueckbesinnung-auf-die-musik\/"},"modified":"2015-04-16T06:44:21","modified_gmt":"2015-04-16T06:44:21","slug":"baden-wuerttembergs-rueckbesinnung-auf-die-musik","status":"publish","type":"post","link":"https:\/\/codexflores.ch\/index.php\/2015\/04\/16\/baden-wuerttembergs-rueckbesinnung-auf-die-musik\/","title":{"rendered":"Baden-W\u00fcrttembergs R\u00fcckbesinnung auf die Musik"},"content":{"rendered":"<p><span style=\"font-family: arial,helvetica,sans-serif; font-size: small;\">16.04.2015 &#8212; Laut lokalen Presseberichten hat Baden-W\u00fcrttembergs Kultusminister Andreas Stoch angek\u00fcndigt, dass in den Schulen des Landes Musik k\u00fcnftig als eigenst\u00e4ndiges Fach ab der ersten Klasse unterrichtet werden soll.<\/span><\/p>\n<p><span style=\"font-family: arial,helvetica,sans-serif; font-size: small;\"><strong>16.04.2015 &#8212; Laut lokalen Presseberichten hat Baden-W\u00fcrttembergs Kultusminister Andreas Stoch angek\u00fcndigt, dass in den Schulen des Landes Musik k\u00fcnftig als eigenst\u00e4ndiges Fach ab der ersten Klasse unterrichtet werden soll.<\/strong><\/span><\/p>\n<p>\u00a0<\/p>\n<p><span style=\"font-family: arial,helvetica,sans-serif; font-size: small;\">Das Fach soll im kommenden Jahr aus dem bisherigen F\u00e4cherverbund Mensch, Natur und Kultur (MeNuK) herausgel\u00f6st werden. Auch Bildende Kunst und Werken sollen im Unterricht mehr Eigenst\u00e4ndigkeit erhalten.<\/span><\/p>\n<p>\u00a0<\/p>\n<p><span style=\"font-family: arial,helvetica,sans-serif; font-size: small;\">Der Entscheid bedeutet eine Distanzierung von der bisherigen allgemeinen Tendenz, schulische Themen in F\u00e4cherverb\u00fcnden zusammenzufassen. Diese werden mittlerweile eher wieder kritisch gesehen. Eine Ausdifferenzierung habe nach einer wissenschaftlichen Auswertung h\u00f6here Leistungen zur Folge, erkl\u00e4rte denn auch ein Ministeriumssprecher. <em>(cf)<\/em><\/span><\/p>\n<p>\u00a0<\/p>\n","protected":false},"excerpt":{"rendered":"<p><span style=\"font-family: arial,helvetica,sans-serif; font-size: small;\">16.04.2015 &#8212; Laut lokalen Presseberichten hat Baden-W\u00fcrttembergs Kultusminister Andreas Stoch angek\u00fcndigt, dass in den Schulen des Landes Musik k\u00fcnftig als eigenst\u00e4ndiges Fach ab der ersten Klasse unterrichtet werden soll.<\/span><\/p>\n","protected":false},"author":1,"featured_media":0,"comment_status":"open","ping_status":"open","sticky":false,"template":"","format":"standard","meta":{"footnotes":""},"categories":[2],"tags":[],"class_list":["post-2231","post","type-post","status-publish","format-standard","hentry","category-nachrichten","entry"],"_links":{"self":[{"href":"https:\/\/codexflores.ch\/index.php\/wp-json\/wp\/v2\/posts\/2231","targetHints":{"allow":["GET"]}}],"collection":[{"href":"https:\/\/codexflores.ch\/index.php\/wp-json\/wp\/v2\/posts"}],"about":[{"href":"https:\/\/codexflores.ch\/index.php\/wp-json\/wp\/v2\/types\/post"}],"author":[{"embeddable":true,"href":"https:\/\/codexflores.ch\/index.php\/wp-json\/wp\/v2\/users\/1"}],"replies":[{"embeddable":true,"href":"https:\/\/codexflores.ch\/index.php\/wp-json\/wp\/v2\/comments?post=2231"}],"version-history":[{"count":0,"href":"https:\/\/codexflores.ch\/index.php\/wp-json\/wp\/v2\/posts\/2231\/revisions"}],"wp:attachment":[{"href":"https:\/\/codexflores.ch\/index.php\/wp-json\/wp\/v2\/media?parent=2231"}],"wp:term":[{"taxonomy":"category","embeddable":true,"href":"https:\/\/codexflores.ch\/index.php\/wp-json\/wp\/v2\/categories?post=2231"},{"taxonomy":"post_tag","embeddable":true,"href":"https:\/\/codexflores.ch\/index.php\/wp-json\/wp\/v2\/tags?post=2231"}],"curies":[{"name":"wp","href":"https:\/\/api.w.org\/{rel}","templated":true}]}}