{"id":2235,"date":"2015-04-17T06:26:30","date_gmt":"2015-04-17T06:26:30","guid":{"rendered":"https:\/\/codexflores.ch\/index.php\/2015\/04\/17\/marin-alsop-verlaengert-ihren-vertrag-mit-dem-osesp\/"},"modified":"2015-04-17T06:26:30","modified_gmt":"2015-04-17T06:26:30","slug":"marin-alsop-verlaengert-ihren-vertrag-mit-dem-osesp","status":"publish","type":"post","link":"https:\/\/codexflores.ch\/index.php\/2015\/04\/17\/marin-alsop-verlaengert-ihren-vertrag-mit-dem-osesp\/","title":{"rendered":"Marin Alsop verl\u00e4ngert ihren Vertrag mit dem OSESP"},"content":{"rendered":"<p><span style=\"font-family: arial,helvetica,sans-serif; font-size: small;\">17.04.2015 &#8212; Die Dirigentin Marin Alsop hat ihren Vertrag als Musikalische Leiterin des Orquestra Sinf\u00f4nica do Estado de S\u00e3o Paulo (OSESP) bis Ende 2019 verl\u00e4ngert.<\/span><\/p>\n<p><span style=\"font-family: arial,helvetica,sans-serif; font-size: small;\"><strong>17.04.2015 &#8212; Die Dirigentin Marin Alsop hat ihren Vertrag als Musikalische Leiterin des Orquestra Sinf\u00f4nica do Estado de S\u00e3o Paulo (OSESP) bis Ende 2019 verl\u00e4ngert.<\/strong><\/span><\/p>\n<p>\u00a0<\/p>\n<p><span style=\"font-family: arial,helvetica,sans-serif; font-size: small;\">Alsop wird das Orchester mindestens zw\u00f6lf Wochen pro Jahr selber leiten. und auch dem Campos do Jord\u00e3o Festival zur F\u00f6rderung des Nachwuchses zur Verf\u00fcgung stehen. Geplant sind \u00fcberdies weitere CD-Aufnahmen mit Sinfonien von Brahms und Mahler.<\/span><\/p>\n<p>\u00a0<\/p>\n<p><span style=\"font-family: arial,helvetica,sans-serif; font-size: small;\">Auch das zeitgen\u00f6ssische Musikschaffen soll in der s\u00fcdamerikanischen Metropole gepflegt werden, mit Werken von John Adams, James MacMillan und Marc-Andr\u00e9 Dalbavie sowie solchen brasilianischer Tonsch\u00f6pfer wie Paulo Costa Lima, Clarisse Assad, Villa-Lobos, Camargo Guarnieri und Francisco Mignone. <em>(cf)<\/em><\/span><\/p>\n","protected":false},"excerpt":{"rendered":"<p><span style=\"font-family: arial,helvetica,sans-serif; font-size: small;\">17.04.2015 &#8212; Die Dirigentin Marin Alsop hat ihren Vertrag als Musikalische Leiterin des Orquestra Sinf\u00f4nica do Estado de S\u00e3o Paulo (OSESP) bis Ende 2019 verl\u00e4ngert.<\/span><\/p>\n","protected":false},"author":1,"featured_media":0,"comment_status":"open","ping_status":"open","sticky":false,"template":"","format":"standard","meta":{"footnotes":""},"categories":[2],"tags":[],"class_list":["post-2235","post","type-post","status-publish","format-standard","hentry","category-nachrichten","entry"],"_links":{"self":[{"href":"https:\/\/codexflores.ch\/index.php\/wp-json\/wp\/v2\/posts\/2235","targetHints":{"allow":["GET"]}}],"collection":[{"href":"https:\/\/codexflores.ch\/index.php\/wp-json\/wp\/v2\/posts"}],"about":[{"href":"https:\/\/codexflores.ch\/index.php\/wp-json\/wp\/v2\/types\/post"}],"author":[{"embeddable":true,"href":"https:\/\/codexflores.ch\/index.php\/wp-json\/wp\/v2\/users\/1"}],"replies":[{"embeddable":true,"href":"https:\/\/codexflores.ch\/index.php\/wp-json\/wp\/v2\/comments?post=2235"}],"version-history":[{"count":0,"href":"https:\/\/codexflores.ch\/index.php\/wp-json\/wp\/v2\/posts\/2235\/revisions"}],"wp:attachment":[{"href":"https:\/\/codexflores.ch\/index.php\/wp-json\/wp\/v2\/media?parent=2235"}],"wp:term":[{"taxonomy":"category","embeddable":true,"href":"https:\/\/codexflores.ch\/index.php\/wp-json\/wp\/v2\/categories?post=2235"},{"taxonomy":"post_tag","embeddable":true,"href":"https:\/\/codexflores.ch\/index.php\/wp-json\/wp\/v2\/tags?post=2235"}],"curies":[{"name":"wp","href":"https:\/\/api.w.org\/{rel}","templated":true}]}}