{"id":2244,"date":"2015-04-22T06:56:37","date_gmt":"2015-04-22T06:56:37","guid":{"rendered":"https:\/\/codexflores.ch\/index.php\/2015\/04\/22\/musiktherapie-und-neurologische-rehabilitation-3\/"},"modified":"2015-04-22T06:56:37","modified_gmt":"2015-04-22T06:56:37","slug":"musiktherapie-und-neurologische-rehabilitation-3","status":"publish","type":"post","link":"https:\/\/codexflores.ch\/index.php\/2015\/04\/22\/musiktherapie-und-neurologische-rehabilitation-3\/","title":{"rendered":"Musiktherapie und neurologische Rehabilitation"},"content":{"rendered":"<p><span style=\"font-family: arial,helvetica,sans-serif; font-size: small;\">22.04.2015 &#8212; Die j\u00fcngsten Resultate der evidenzbasierten musiktherapeutischen Forschung, ihre kritische Wertung, die Beziehungen von Musik und Emotionen und Fragen zur Funktion von Musik in verschiedenen Gesellschaften sind einge der Themen der diesj\u00e4hrigen Musiktherapie-Tagung der Schweizer Rehaklinik Bellikon.<\/span><\/p>\n<p><span style=\"font-family: arial,helvetica,sans-serif; font-size: small;\"><strong>22.04.2015 &#8212; Die j\u00fcngsten Resultate der evidenzbasierten musiktherapeutischen Forschung, ihre kritische Wertung, die Beziehungen von Musik und Emotionen und Fragen zur Funktion von Musik in verschiedenen Gesellschaften sind einge der Themen der\u00a0<span style=\"font-family: arial,helvetica,sans-serif; font-size: small;\">diesj\u00e4hrigen<\/span> Musiktherapie-Tagung der Schweizer Rehaklinik Bellikon.<\/strong><\/span><\/p>\n<p>\u00a0<\/p>\n<p><span style=\"font-family: arial,helvetica,sans-serif; font-size: small;\">Ziel der Tagung ist es, mit einem vertieften und fokussierten Einblick in verschiedene aktuelle Themen aus dem Feld der Musiktherapie auch eine Standortbestimmung zum Stand der Forschung auf dem Gebiet zu bieten, das in den letzten Jahrzehnten eine st\u00fcrmische Entwicklung durchgemacht hat.<\/span><\/p>\n<p>\u00a0<\/p>\n<p><span style=\"font-family: arial,helvetica,sans-serif; font-size: small;\">Die Referenten sind Thomas Stegemann (Leiter der Abteilung Musiktherapie an der Universit\u00e4t f\u00fcr Musik und darstellende Kunst Wien), Wolfgang B\u00f6hler (Philosoph und Gastlektor f\u00fcr Musikpsychologie und -philosophie an der Fachhochschule IMC Krems), Christoph Baumann (Professor f\u00fcr Jazzpiano und Improvisation an der Hochschule f\u00fcr Musik Luzern), Karin Schumacher (Universit\u00e4t der K\u00fcnste Berlin, Musikuniversit\u00e4t Wien) und Doris M\u00e4der-G\u00fcntner (Klinische Musiktherapeutin und Leiterin des Aphasiechors RehaClinic Baden). <em>(cf)<\/em><\/span><\/p>\n<p><span style=\"font-family: arial,helvetica,sans-serif; font-size: small;\"><em>\u00a0<\/em><\/span><\/p>\n<p><span style=\"font-family: arial,helvetica,sans-serif; font-size: small;\"><strong>Mehr Infos:<\/strong> <a href=\"http:\/\/kurse.rehabellikon.ch\/kurs.php?zgr=&amp;katid=&amp;vid=22779\" target=\"_blank\" rel=\"noopener noreferrer\">kurse.rehabellikon.ch\/kurs.php?zgr=&amp;katid=&amp;vid=22779<\/a><em><br \/><\/em><\/span><\/p>\n<p><span style=\"font-family: arial,helvetica,sans-serif; font-size: small;\"><em>\u00a0<\/em><\/span><\/p>\n<p><em><span style=\"font-family: arial,helvetica,sans-serif; font-size: small;\">Anmerkung zur Interessenbindung: Der Referent Wolfgang B\u00f6hler ist Chefredaktor von Codex flores <\/span><br \/><\/em><\/p>\n<p>\u00a0<\/p>\n","protected":false},"excerpt":{"rendered":"<p><span style=\"font-family: arial,helvetica,sans-serif; font-size: small;\">22.04.2015 &#8212; Die j\u00fcngsten Resultate der evidenzbasierten musiktherapeutischen Forschung, ihre kritische Wertung, die Beziehungen von Musik und Emotionen und Fragen zur Funktion von Musik in verschiedenen Gesellschaften sind einge der Themen der diesj\u00e4hrigen Musiktherapie-Tagung der Schweizer Rehaklinik Bellikon.<\/span><\/p>\n","protected":false},"author":1,"featured_media":0,"comment_status":"open","ping_status":"open","sticky":false,"template":"","format":"standard","meta":{"footnotes":""},"categories":[2],"tags":[],"class_list":["post-2244","post","type-post","status-publish","format-standard","hentry","category-nachrichten","entry"],"_links":{"self":[{"href":"https:\/\/codexflores.ch\/index.php\/wp-json\/wp\/v2\/posts\/2244","targetHints":{"allow":["GET"]}}],"collection":[{"href":"https:\/\/codexflores.ch\/index.php\/wp-json\/wp\/v2\/posts"}],"about":[{"href":"https:\/\/codexflores.ch\/index.php\/wp-json\/wp\/v2\/types\/post"}],"author":[{"embeddable":true,"href":"https:\/\/codexflores.ch\/index.php\/wp-json\/wp\/v2\/users\/1"}],"replies":[{"embeddable":true,"href":"https:\/\/codexflores.ch\/index.php\/wp-json\/wp\/v2\/comments?post=2244"}],"version-history":[{"count":0,"href":"https:\/\/codexflores.ch\/index.php\/wp-json\/wp\/v2\/posts\/2244\/revisions"}],"wp:attachment":[{"href":"https:\/\/codexflores.ch\/index.php\/wp-json\/wp\/v2\/media?parent=2244"}],"wp:term":[{"taxonomy":"category","embeddable":true,"href":"https:\/\/codexflores.ch\/index.php\/wp-json\/wp\/v2\/categories?post=2244"},{"taxonomy":"post_tag","embeddable":true,"href":"https:\/\/codexflores.ch\/index.php\/wp-json\/wp\/v2\/tags?post=2244"}],"curies":[{"name":"wp","href":"https:\/\/api.w.org\/{rel}","templated":true}]}}