{"id":2252,"date":"2015-04-24T05:53:10","date_gmt":"2015-04-24T05:53:10","guid":{"rendered":"https:\/\/codexflores.ch\/index.php\/2015\/04\/24\/gare-du-nord-realisiert-mit-laienchoeren-ein-chorlabor\/"},"modified":"2015-04-24T05:53:10","modified_gmt":"2015-04-24T05:53:10","slug":"gare-du-nord-realisiert-mit-laienchoeren-ein-chorlabor","status":"publish","type":"post","link":"https:\/\/codexflores.ch\/index.php\/2015\/04\/24\/gare-du-nord-realisiert-mit-laienchoeren-ein-chorlabor\/","title":{"rendered":"Gare du Nord realisiert mit Laiench\u00f6ren ein Chorlabor"},"content":{"rendered":"<p>24.04.2015 &#8212; Der Basler Gare du Nord l\u00e4dt Basler Laiench\u00f6re ein, sich fu\u0308r die Teilnahme am Projekt Chorlabor zu bewerben. Diese werden je eine fu\u0308r sie massgeschneiderte Komposition zur Urauffu\u0308hrung bringen.<\/p>\n<p><strong>24.04.2015 &#8212; Der Basler Gare du Nord l\u00e4dt Basler Laiench\u00f6re ein, sich fu\u0308r die Teilnahme am Projekt Chorlabor zu bewerben. Diese werden je eine fu\u0308r sie massgeschneiderte Komposition zur Urauffu\u0308hrung bringen.<\/strong><\/p>\n<p>\u00a0<\/p>\n<p>Gesucht sind Ch\u00f6re verschiedener Altersgruppen (Kinder-, Jugend-, Erwachsenen-, Seniorenchor und so weiter), die Interesse an einer \u00fcber zwei Spielzeiten angelegten Zusammenarbeit mit dem Gare du Nord haben. Ergebnis der Zusammenarbeit sind drei Konzertabende im Gare du Nord.\u00a0<\/p>\n<p>\u00a0<\/p>\n<p>In der Spielzeit 2015\/16 machen drei ausgew\u00e4hlte Ch\u00f6re Bekanntschaft mit je einem zeitgen\u00f6ssischen Komponisten oder\u00a0 einer Komponistin. Die S\u00e4nger nehmen an einem Workshop teil und entwickeln Fragen f\u00fcr eine Installation im Gare du Nord. In der Spielzeit 2016\/17 erarbeiten sie gemeinsam mit ihrem Komponisten eine neue Vokalkomposition. Diese Auftragskompositionen werden von den Ch\u00f6ren in einem gemeinsamen Konzert im Gare du Nord uraufgef\u00fchrt.\u00a0<\/p>\n<p>\u00a0<\/p>\n<p>Gare du Nord finanziert das gesamte Projekt, die drei abschliessenden Konzertabende (Organisation, Werbung, Technik, R\u00e4umlichkeiten) sowie die Kompositionsauftr\u00e4ge. Die Teilnahme an Konzertbesuch, Backstage-Programm und Workshop sind f\u00fcr die Ch\u00f6re gratis. Konzertgagen f\u00fcr die Ch\u00f6re sind nicht vorgesehen. Chorlabor ist ein Projekt des Gare du Nord in Kooperation mit der Hochschule f\u00fcr Musik Basel und der Hochschule der K\u00fcnste Bern. <em>(cf)<\/em><\/p>\n<p><em>\u00a0<\/em><\/p>\n<p><strong>Mehr Infos: <\/strong><a href=\"http:\/\/www.garedunord.ch\/fileadmin\/user_upload\/docs\/Medienmitteilungen\/Ausschreibung_Chorlabor_Gare_du_Nord.pdf\" target=\"_blank\" rel=\"noopener noreferrer\">www.garedunord.ch<\/a><\/p>\n<p>\u00a0<\/p>\n","protected":false},"excerpt":{"rendered":"<p>24.04.2015 &#8212; Der Basler Gare du Nord l\u00e4dt Basler Laiench\u00f6re ein, sich fu\u0308r die Teilnahme am Projekt Chorlabor zu bewerben. Diese werden je eine fu\u0308r sie massgeschneiderte Komposition zur Urauffu\u0308hrung bringen.<\/p>\n","protected":false},"author":1,"featured_media":0,"comment_status":"open","ping_status":"open","sticky":false,"template":"","format":"standard","meta":{"footnotes":""},"categories":[2],"tags":[],"class_list":["post-2252","post","type-post","status-publish","format-standard","hentry","category-nachrichten","entry"],"_links":{"self":[{"href":"https:\/\/codexflores.ch\/index.php\/wp-json\/wp\/v2\/posts\/2252","targetHints":{"allow":["GET"]}}],"collection":[{"href":"https:\/\/codexflores.ch\/index.php\/wp-json\/wp\/v2\/posts"}],"about":[{"href":"https:\/\/codexflores.ch\/index.php\/wp-json\/wp\/v2\/types\/post"}],"author":[{"embeddable":true,"href":"https:\/\/codexflores.ch\/index.php\/wp-json\/wp\/v2\/users\/1"}],"replies":[{"embeddable":true,"href":"https:\/\/codexflores.ch\/index.php\/wp-json\/wp\/v2\/comments?post=2252"}],"version-history":[{"count":0,"href":"https:\/\/codexflores.ch\/index.php\/wp-json\/wp\/v2\/posts\/2252\/revisions"}],"wp:attachment":[{"href":"https:\/\/codexflores.ch\/index.php\/wp-json\/wp\/v2\/media?parent=2252"}],"wp:term":[{"taxonomy":"category","embeddable":true,"href":"https:\/\/codexflores.ch\/index.php\/wp-json\/wp\/v2\/categories?post=2252"},{"taxonomy":"post_tag","embeddable":true,"href":"https:\/\/codexflores.ch\/index.php\/wp-json\/wp\/v2\/tags?post=2252"}],"curies":[{"name":"wp","href":"https:\/\/api.w.org\/{rel}","templated":true}]}}