{"id":2258,"date":"2015-04-27T06:13:50","date_gmt":"2015-04-27T06:13:50","guid":{"rendered":"https:\/\/codexflores.ch\/index.php\/2015\/04\/27\/rekordsaison-fuer-den-heidelberger-fruehling\/"},"modified":"2015-04-27T06:13:50","modified_gmt":"2015-04-27T06:13:50","slug":"rekordsaison-fuer-den-heidelberger-fruehling","status":"publish","type":"post","link":"https:\/\/codexflores.ch\/index.php\/2015\/04\/27\/rekordsaison-fuer-den-heidelberger-fruehling\/","title":{"rendered":"Rekordsaison f\u00fcr den Heidelberger Fr\u00fchling"},"content":{"rendered":"<p><span style=\"font-family: arial,helvetica,sans-serif; font-size: small;\">27.04.2015 &#8212; Das internationale Musikfestival Heidelberger Fr\u00fchling vemeldet die erfolgreichste Saison seiner 19-j\u00e4hrigen Geschichte: Rund 40&#8217;000 Eintritte machten das Musikfestival erneut zum gr\u00f6ssten in Baden-W\u00fcrttemberg.<\/span><\/p>\n<p><span style=\"font-family: arial,helvetica,sans-serif; font-size: small;\"><strong>27.04.2015 &#8212; Das internationale Musikfestival Heidelberger Fr\u00fchling vemeldet die erfolgreichste Saison seiner 19-j\u00e4hrigen Geschichte: Rund 40&#8217;000 Eintritte machten das Musikfestival erneut zum gr\u00f6ssten in Baden-W\u00fcrttemberg.<\/strong><\/span><\/p>\n<p><span style=\"font-family: arial,helvetica,sans-serif; font-size: small;\">\u00a0<\/span><\/p>\n<p><span style=\"font-family: arial,helvetica,sans-serif; font-size: small;\">Weit \u00fcber 100 Veranstaltungen standen auf dem Programm, darunter die ersten gemeinsamen Konzerte der Pianisten Andr\u00e1s Schiff und Igor Levit sowie der S\u00e4nger Thomas Hampson und Thomas Quasthoff. Unter dem Titel <em>Freiheit wagen<\/em> behandelte das Festival die aktuelle Debatte um die Chancen und Gefahren des digitalen Wandels und fragte in diesem Kontext insbesondere nach der Verantwortung der K\u00fcnste und K\u00fcnstler in Zeiten gravierender gesellschaftlicher Umbr\u00fcche.<\/span><\/p>\n<p>\u00a0<\/p>\n<p><span style=\"font-family: arial,helvetica,sans-serif; font-size: small;\"> Besonderes Interesse fand die von Levit geleitete Kammermusik Akademie. Mit Frederic Rzewski stand dort einer der grossen amerikanischen K\u00fcnstler der Moderne im Zentrum. <span class=\"cs8B191A5E\">Mit der Akademie f\u00fcr Musikjournalismus unter der Leitung von Eleonore B\u00fcning (<em>Frankfurter Allgemeine Zeitung<\/em>) feierte ein neuer Bereich der Festival Akademie Premiere. B\u00fcning und die Mentoren Manuel Brug (<em>Die Welt<\/em>) und Sophie Diesselhorst (<em>nachtkritik.de<\/em>) arbeiteten sechs Tage lang intensiv mit vier herausragenden Nachwuchsjournalisten. <\/span><em>(cf)<\/em><\/span><\/p>\n<p>\u00a0<\/p>\n","protected":false},"excerpt":{"rendered":"<p><span style=\"font-family: arial,helvetica,sans-serif; font-size: small;\">27.04.2015 &#8212; Das internationale Musikfestival Heidelberger Fr\u00fchling vemeldet die erfolgreichste Saison seiner 19-j\u00e4hrigen Geschichte: Rund 40&#8217;000 Eintritte machten das Musikfestival erneut zum gr\u00f6ssten in Baden-W\u00fcrttemberg.<\/span><\/p>\n","protected":false},"author":1,"featured_media":0,"comment_status":"open","ping_status":"open","sticky":false,"template":"","format":"standard","meta":{"footnotes":""},"categories":[2],"tags":[],"class_list":["post-2258","post","type-post","status-publish","format-standard","hentry","category-nachrichten","entry"],"_links":{"self":[{"href":"https:\/\/codexflores.ch\/index.php\/wp-json\/wp\/v2\/posts\/2258","targetHints":{"allow":["GET"]}}],"collection":[{"href":"https:\/\/codexflores.ch\/index.php\/wp-json\/wp\/v2\/posts"}],"about":[{"href":"https:\/\/codexflores.ch\/index.php\/wp-json\/wp\/v2\/types\/post"}],"author":[{"embeddable":true,"href":"https:\/\/codexflores.ch\/index.php\/wp-json\/wp\/v2\/users\/1"}],"replies":[{"embeddable":true,"href":"https:\/\/codexflores.ch\/index.php\/wp-json\/wp\/v2\/comments?post=2258"}],"version-history":[{"count":0,"href":"https:\/\/codexflores.ch\/index.php\/wp-json\/wp\/v2\/posts\/2258\/revisions"}],"wp:attachment":[{"href":"https:\/\/codexflores.ch\/index.php\/wp-json\/wp\/v2\/media?parent=2258"}],"wp:term":[{"taxonomy":"category","embeddable":true,"href":"https:\/\/codexflores.ch\/index.php\/wp-json\/wp\/v2\/categories?post=2258"},{"taxonomy":"post_tag","embeddable":true,"href":"https:\/\/codexflores.ch\/index.php\/wp-json\/wp\/v2\/tags?post=2258"}],"curies":[{"name":"wp","href":"https:\/\/api.w.org\/{rel}","templated":true}]}}