{"id":2259,"date":"2015-04-27T09:40:04","date_gmt":"2015-04-27T09:40:04","guid":{"rendered":"https:\/\/codexflores.ch\/index.php\/2015\/04\/27\/josef-bulva-plays-franz-liszt\/"},"modified":"2015-04-27T09:40:04","modified_gmt":"2015-04-27T09:40:04","slug":"josef-bulva-plays-franz-liszt","status":"publish","type":"post","link":"https:\/\/codexflores.ch\/index.php\/2015\/04\/27\/josef-bulva-plays-franz-liszt\/","title":{"rendered":"Josef Bulva Plays Franz Liszt"},"content":{"rendered":"<p><img loading=\"lazy\" decoding=\"async\" src=\"images\/bilder2015\/150424bulva.jpg\" border=\"0\" alt=\"Cover CD\" width=\"100\" height=\"100\" style=\"float: left; margin: 8px;\" \/>24.04.2015 &#8212; Viele K\u00fcnstlerkarrieren verlaufen heute pfeilgerade. Im vergangenen Jahrhundert sorgten unter anderem Weltkriege und Eiserne Vorh\u00e4nge f\u00fcr teils skurril anmutende artistische Werdeg\u00e4nge und Musikerschicksale. Speziell trifft dies zu auf den einstigen \u00abStaatssolisten der \u010cSSR\u00bb Josef Bulva, der so ziemlich alle vorstellbaren Hindernisse, denen sich ein Musiker gegen\u00fcber sehen kann, zu \u00fcberwinden hatte, und dies gar mehrmals. 1971 brach er sich in den Bergen f\u00fcnfzigmal die Knochen, ein Jahr sp\u00e4ter, nach endlosen Krankenhausaufenthalten, sprang er w\u00e4hrend einer Auslandstournee nach Luxemburg ab. Prompt wurde er in der Tschechoslowakei des Hochverrats angeklagt.<\/p>\n<p>\u00a0<\/p>\n<p><img loading=\"lazy\" decoding=\"async\" src=\"images\/bilder2015\/150424bulva.jpg\" border=\"0\" alt=\"Cover CD\" width=\"100\" height=\"100\" style=\"float: left; margin: 8px;\" \/>24.04.2015 &#8212; Viele K\u00fcnstlerkarrieren verlaufen heute pfeilgerade. Im vergangenen Jahrhundert sorgten unter anderem Weltkriege und Eiserne Vorh\u00e4nge f\u00fcr teils skurril anmutende artistische Werdeg\u00e4nge und Musikerschicksale. Speziell trifft dies zu auf den einstigen \u00abStaatssolisten der \u010cSSR\u00bb Josef Bulva, der so ziemlich alle vorstellbaren Hindernisse, denen sich ein Musiker gegen\u00fcber sehen kann, zu \u00fcberwinden hatte, und dies gar mehrmals. 1971 brach er sich in den Bergen f\u00fcnfzigmal die Knochen, ein Jahr sp\u00e4ter, nach endlosen Krankenhausaufenthalten, sprang er w\u00e4hrend einer Auslandstournee nach Luxemburg ab. Prompt wurde er in der Tschechoslowakei des Hochverrats angeklagt.<\/p>\n<p>\u00a0<\/p>\n<p>1996 st\u00fcrzte Bulva der sich schon weitgehend aus dem Konzertleben zur\u00fcckgezogen hatte, auf schneebedeckter Strasse und verletzte sich die linke Hand so massiv, dass eine Genesung undenkbar schien. Er wechselte den Beruf und wurde in Monaco Investmentbanker und B\u00f6rsenmakler, ohne die Hoffnung aufzugeben, seine Hand wieder so herzustellen, um erneut zu konzertieren. Mittlerweile geht er wieder auf Tournee. Zum guten Gl\u00fcck f\u00fcr uns.<\/p>\n<p>\u00a0<\/p>\n<p>Bereits als junger Pianist entwickelte Bulva eine grosse N\u00e4he zu Komponisten und lernte er, wie diese zu denken und ihr Musikverst\u00e4ndnis aus dem kompositorischen Prozess aufzuschl\u00fcsseln. Er spielte, heisst es auf seiner Webseite, \u00abzahlreiche Urauff\u00fchrungen von Kompositionen f\u00fcr Klavier \u2013 die meisten davon ihm gewidmet\u00bb.<\/p>\n<p>\u00a0<\/p>\n<p>Die Verbindung aus \u2012 angesichts seiner Verletzungsgeschichte keineswegs selbstverst\u00e4ndlicher \u2012 technischer Perfektion und strukturellem Denken kommt seinen Wiedergaben von Liszt-Werken zugute, von denen einige historische Aufnahmen hier dokumentiert sind: Sie stammen aus den Jahren 1974 bis 2014. Luzide, wohlkonturiert und im besten Sinne narrativ-theatralisch entfaltet sich der liszstsche Kosmos unter seinen H\u00e4nden, ohne dessen Virtuosit\u00e4t zum exhibitionistischen Selbstzweck zu machen.<\/p>\n<p>\u00a0<\/p>\n<p>Die beiden Polycarbonatscheiben der Doppel-CD werden je mit einer grossen Kiste abgeschlossen, der h-Moll-Sonate und dem ersten Klavierkonzert (mit dem Orchestre Philharmonique du Luxembourg unter Daniel Nazareth, eine Aufnahme aus dem Jahr 1991). Daneben finden sich eine Ungarische Rhapsodie (die erste), Paganini-Et\u00fcden, \u00c9tudes d\u2019execution transcendante, die Rhapsodie espagnole und eine Einspielung des Mephistowalzers, die alleine Grund genug f\u00fcr den Erwerb des Albums w\u00e4re. <em>(wb)<\/em><\/p>\n<p><strong>Info:<\/strong> Josef Bulva plays Franz Liszt, Sony Music\/RCA Red Seal, 88875073052.<\/p>\n","protected":false},"excerpt":{"rendered":"<p><img loading=\"lazy\" decoding=\"async\" src=\"images\/bilder2015\/150424bulva.jpg\" border=\"0\" alt=\"Cover CD\" width=\"100\" height=\"100\" style=\"float: left; margin: 8px;\" \/>24.04.2015 &#8212; Viele K\u00fcnstlerkarrieren verlaufen heute pfeilgerade. Im vergangenen Jahrhundert sorgten unter anderem Weltkriege und Eiserne Vorh\u00e4nge f\u00fcr teils skurril anmutende artistische Werdeg\u00e4nge und Musikerschicksale. Speziell trifft dies zu auf den einstigen \u00abStaatssolisten der \u010cSSR\u00bb Josef Bulva, der so ziemlich alle vorstellbaren Hindernisse, denen sich ein Musiker gegen\u00fcber sehen kann, zu \u00fcberwinden hatte, und dies gar mehrmals. 1971 brach er sich in den Bergen f\u00fcnfzigmal die Knochen, ein Jahr sp\u00e4ter, nach endlosen Krankenhausaufenthalten, sprang er w\u00e4hrend einer Auslandstournee nach Luxemburg ab. Prompt wurde er in der Tschechoslowakei des Hochverrats angeklagt.<\/p>\n","protected":false},"author":1,"featured_media":0,"comment_status":"open","ping_status":"open","sticky":false,"template":"","format":"standard","meta":{"footnotes":""},"categories":[4],"tags":[],"class_list":["post-2259","post","type-post","status-publish","format-standard","hentry","category-im-gespraech","entry"],"_links":{"self":[{"href":"https:\/\/codexflores.ch\/index.php\/wp-json\/wp\/v2\/posts\/2259","targetHints":{"allow":["GET"]}}],"collection":[{"href":"https:\/\/codexflores.ch\/index.php\/wp-json\/wp\/v2\/posts"}],"about":[{"href":"https:\/\/codexflores.ch\/index.php\/wp-json\/wp\/v2\/types\/post"}],"author":[{"embeddable":true,"href":"https:\/\/codexflores.ch\/index.php\/wp-json\/wp\/v2\/users\/1"}],"replies":[{"embeddable":true,"href":"https:\/\/codexflores.ch\/index.php\/wp-json\/wp\/v2\/comments?post=2259"}],"version-history":[{"count":0,"href":"https:\/\/codexflores.ch\/index.php\/wp-json\/wp\/v2\/posts\/2259\/revisions"}],"wp:attachment":[{"href":"https:\/\/codexflores.ch\/index.php\/wp-json\/wp\/v2\/media?parent=2259"}],"wp:term":[{"taxonomy":"category","embeddable":true,"href":"https:\/\/codexflores.ch\/index.php\/wp-json\/wp\/v2\/categories?post=2259"},{"taxonomy":"post_tag","embeddable":true,"href":"https:\/\/codexflores.ch\/index.php\/wp-json\/wp\/v2\/tags?post=2259"}],"curies":[{"name":"wp","href":"https:\/\/api.w.org\/{rel}","templated":true}]}}