{"id":2262,"date":"2015-04-28T06:42:56","date_gmt":"2015-04-28T06:42:56","guid":{"rendered":"https:\/\/codexflores.ch\/index.php\/2015\/04\/28\/cecilia-bartoli-leitet-monegassisches-barockensemble\/"},"modified":"2015-04-28T06:42:56","modified_gmt":"2015-04-28T06:42:56","slug":"cecilia-bartoli-leitet-monegassisches-barockensemble","status":"publish","type":"post","link":"https:\/\/codexflores.ch\/index.php\/2015\/04\/28\/cecilia-bartoli-leitet-monegassisches-barockensemble\/","title":{"rendered":"Cecilia Bartoli leitet monegassisches Barockensemble"},"content":{"rendered":"<p><span style=\"font-family: arial,helvetica,sans-serif; font-size: small;\">28.04.2015 &#8212; Die Op\u00e9ra de Monte-Carlo ruft unter dem Namen \u00abLes Musiciens du Prince\u00bb ein Barockensemble ins Leben. Die Leitung \u00fcbernimmt die Mezzosopranistin Cecilia Bartoli.<\/span><\/p>\n<p><span style=\"font-family: arial,helvetica,sans-serif; font-size: small;\"><strong>28.04.2015 &#8212; Die Op\u00e9ra de Monte-Carlo ruft unter dem Namen \u00abLes Musiciens du Prince\u00bb ein Barockensemble ins Leben. Die Leitung \u00fcbernimmt die Mezzosopranistin Cecilia Bartoli.<\/strong><\/span><\/p>\n<p>\u00a0<\/p>\n<p><span style=\"font-family: arial,helvetica,sans-serif; font-size: small;\">Laut einer Meldung von <em>France Musique<\/em> soll das Orchester in einem Jahr erstmals konzertieren. Cecilia Bartoli soll einen Vertrag unterschreiben haben, der bis 2021 l\u00e4uft. Die S\u00e4ngerin soll in der Oper \u00fcberdies als Solistin auftreten, mit welcher H\u00e4ufigkeit, wurde bislang allerdings nicht kommuniziert. <em>(cf)<\/em> <\/span><\/p>\n<p>\u00a0<\/p>\n","protected":false},"excerpt":{"rendered":"<p><span style=\"font-family: arial,helvetica,sans-serif; font-size: small;\">28.04.2015 &#8212; Die Op\u00e9ra de Monte-Carlo ruft unter dem Namen \u00abLes Musiciens du Prince\u00bb ein Barockensemble ins Leben. Die Leitung \u00fcbernimmt die Mezzosopranistin Cecilia Bartoli.<\/span><\/p>\n","protected":false},"author":1,"featured_media":0,"comment_status":"open","ping_status":"open","sticky":false,"template":"","format":"standard","meta":{"footnotes":""},"categories":[2],"tags":[],"class_list":["post-2262","post","type-post","status-publish","format-standard","hentry","category-nachrichten","entry"],"_links":{"self":[{"href":"https:\/\/codexflores.ch\/index.php\/wp-json\/wp\/v2\/posts\/2262","targetHints":{"allow":["GET"]}}],"collection":[{"href":"https:\/\/codexflores.ch\/index.php\/wp-json\/wp\/v2\/posts"}],"about":[{"href":"https:\/\/codexflores.ch\/index.php\/wp-json\/wp\/v2\/types\/post"}],"author":[{"embeddable":true,"href":"https:\/\/codexflores.ch\/index.php\/wp-json\/wp\/v2\/users\/1"}],"replies":[{"embeddable":true,"href":"https:\/\/codexflores.ch\/index.php\/wp-json\/wp\/v2\/comments?post=2262"}],"version-history":[{"count":0,"href":"https:\/\/codexflores.ch\/index.php\/wp-json\/wp\/v2\/posts\/2262\/revisions"}],"wp:attachment":[{"href":"https:\/\/codexflores.ch\/index.php\/wp-json\/wp\/v2\/media?parent=2262"}],"wp:term":[{"taxonomy":"category","embeddable":true,"href":"https:\/\/codexflores.ch\/index.php\/wp-json\/wp\/v2\/categories?post=2262"},{"taxonomy":"post_tag","embeddable":true,"href":"https:\/\/codexflores.ch\/index.php\/wp-json\/wp\/v2\/tags?post=2262"}],"curies":[{"name":"wp","href":"https:\/\/api.w.org\/{rel}","templated":true}]}}