{"id":2271,"date":"2015-04-30T08:57:34","date_gmt":"2015-04-30T08:57:34","guid":{"rendered":"https:\/\/codexflores.ch\/index.php\/2015\/04\/30\/das-orchester-05-2015\/"},"modified":"2015-04-30T08:57:34","modified_gmt":"2015-04-30T08:57:34","slug":"das-orchester-05-2015","status":"publish","type":"post","link":"https:\/\/codexflores.ch\/index.php\/2015\/04\/30\/das-orchester-05-2015\/","title":{"rendered":"das Orchester 05\/2015"},"content":{"rendered":"<p>\u00a0<\/p>\n<p><strong><span style=\"font-size: medium;\"><img loading=\"lazy\" decoding=\"async\" src=\"images\/zeitschriften_covers\/2015\/763549.jpg\" border=\"0\" alt=\"Cover Zeitschrift\" width=\"100\" height=\"140\" style=\"float: left; margin: 4px;\" \/><\/span><\/strong><\/p>\n<p><strong><span style=\"font-size: medium;\">Beruf im Wandel<\/span><\/strong><\/p>\n<p>Orchestermusiker der Zukunft<\/p>\n<p>\u00a0<\/p>\n<div class=\"article\">\n<h2 class=\"borderBottom\"><strong>Aufsatz<\/strong><\/h2>\n<p> <span class=\"articleTextSmall\">Scherz-Schade, Sven<\/span> <br \/> <a class=\"articleTextBold\" href=\"http:\/\/www.dasorchester.de\/de_DE\/journal\/current\/showarticle,39356.html\"> Beruf im Wandel <\/a> <br \/> <span class=\"articleText\">Orchestermusiker der Zukunft<\/span>  <\/p>\n<div class=\"articleTextSmall\" style=\"margin: 4px 0 0 0;\">Leseprobe verf\u00fcgbar<\/div>\n<\/p><\/div>\n<div class=\"article\"><span class=\"articleTextSmall\">Noltze, Holger<\/span> <br \/> <a class=\"articleTextBold\" href=\"http:\/\/www.dasorchester.de\/de_DE\/journal\/current\/showarticle,39357.html\"> Macht euch nichts vor! <\/a> <br \/> <span class=\"articleText\">Schlaglichter auf das \u201eMusikland\u201c Deutschland<\/span><\/div>\n<div class=\"article\"><span class=\"articleTextSmall\">Scherz-Schade, Sven<\/span> <br \/> <a class=\"articleTextBold\" href=\"http:\/\/www.dasorchester.de\/de_DE\/journal\/current\/showarticle,39358.html\"> Der Musiker-Arbeitsmarkt <\/a> <br \/> <span class=\"articleText\">Gegenwart und m\u00f6gliche Zukunft<\/span><\/div>\n<div class=\"article\"><span class=\"articleTextSmall\">Schulte im Walde, Christoph<\/span> <br \/> <a class=\"articleTextBold\" href=\"http:\/\/www.dasorchester.de\/de_DE\/journal\/current\/showarticle,39359.html\"> Generalstudium oder Spezialausbildung? <\/a> <br \/> <span class=\"articleText\">Die Musikerausbildung<\/span><\/div>\n<div class=\"article\"><span class=\"articleTextSmall\">Schulte im Walde, Christoph<\/span> <br \/> <a class=\"articleTextBold\" href=\"http:\/\/www.dasorchester.de\/de_DE\/journal\/current\/showarticle,39360.html\"> &#8222;Weniger Tonsatz \u2013 mehr Probespieltraining!&#8220; <\/a> <br \/> <span class=\"articleText\">Die Sicht der Studierenden<\/span><\/div>\n<div class=\"article\"><span class=\"articleTextSmall\">Scherz-Schade, Sven<\/span> <br \/> <a class=\"articleTextBold\" href=\"http:\/\/www.dasorchester.de\/de_DE\/journal\/current\/showarticle,39361.html\"> Zugang durchs Nadel\u00f6hr <\/a> <br \/> <span class=\"articleText\">Das Probespiel in der Kritik<\/span><\/div>\n<div class=\"article\"><span class=\"articleTextSmall\">Schulte im Walde, Christoph<\/span> <br \/> <a class=\"articleTextBold\" href=\"http:\/\/www.dasorchester.de\/de_DE\/journal\/current\/showarticle,39362.html\"> Wer bringt das Orchester nach vorne?! <\/a> <br \/> <span class=\"articleText\">Ist &#8222;der Beste&#8220; auch immer &#8222;der Richtige&#8220;?<\/span><\/div>\n<div class=\"article\"><span class=\"articleTextSmall\">Scherz-Schade, Sven<\/span> <br \/> <a class=\"articleTextBold\" href=\"http:\/\/www.dasorchester.de\/de_DE\/journal\/current\/showarticle,39363.html\"> Wie klingt die Zukunft? <\/a> <br \/> <span class=\"articleText\">Ideen und Vorstellungen f\u00fcr den &#8222;Orchestermusiker der Zukunft&#8220;<\/span><\/div>\n<div class=\"article\"><span class=\"articleTextSmall\">Adrians, Frauke<\/span> <br \/> <a class=\"articleTextBold\" href=\"http:\/\/www.dasorchester.de\/de_DE\/journal\/current\/showarticle,39364.html\"> Beethoven im Kreistag <\/a> <br \/> <span class=\"articleText\">Die Th\u00fcringen Philharmonie Gotha sucht das Gespr\u00e4ch mit Kommunalpolitikern, die \u00fcber die Zukunft des Orchesters mitentscheiden<\/span><\/div>\n<div class=\"article\"><span class=\"articleTextSmall\">Frei, Marco<\/span> <br \/> <a class=\"articleTextBold\" href=\"http:\/\/www.dasorchester.de\/de_DE\/journal\/current\/showarticle,39365.html\"> Mit Musik soziale Grenzen \u00fcberwinden <\/a> <br \/> <span class=\"articleText\">&#8222;Pilotschule Kultur&#8220;: Wie die Bamberger Symphoniker mit einer Grund- und Hauptschule kooperieren und in Bayern Neuland betreten<\/span><\/div>\n<div class=\"article\"><span class=\"articleText\">\u00a0<\/span><\/div>\n<div class=\"article\">\n<h2 class=\"borderBottom\"><strong>Zwischent\u00f6ne<\/strong><\/h2>\n<p> <span class=\"articleTextSmall\">Klempnow, Bernd<\/span> <br \/> <a class=\"articleTextBold\" href=\"http:\/\/www.dasorchester.de\/de_DE\/journal\/current\/showarticle,39448.html\"> Das Mammut ist erlaubt, der Pottwal nicht <\/a> <br \/> <span class=\"articleText\">Dresdens Philharmoniker reisten wieder mal in die USA. Das gab \u00c4rger: Diesmal mussten sie n\u00e4mlich ihre Instrumente artenschutzgerecht deklarieren.<\/span><\/div>\n<div class=\"article\"><span class=\"articleTextSmall\">Erkelenz, Elisa<\/span> <br \/> <a class=\"articleTextBold\" href=\"http:\/\/www.dasorchester.de\/de_DE\/journal\/current\/showarticle,39449.html\"> Deutsche Klassik \u2013 amerikanische Avantgarde <\/a> <br \/> <span class=\"articleText\">Ein Blick auf die Programme der f\u00fchrenden amerikanischen Orchester wirft Fragen auf.<\/span><\/div>\n<div class=\"article\"><span class=\"articleTextSmall\">Heinold, Thomas<\/span> <br \/> <a class=\"articleTextBold\" href=\"http:\/\/www.dasorchester.de\/de_DE\/journal\/current\/showarticle,39450.html\"> Neue Musik f\u00fcr alte Filme <\/a> <br \/> <span class=\"articleText\">Deutsche Bahn, Bad Reichenhaller Philharmonie und Musikhochschule N\u00fcrnberg vertonen vier Stummfilme.<\/span><\/div>\n<div class=\"article\"><span class=\"articleText\">\u00a0<\/span><\/div>\n<div class=\"article\">\n<h2 class=\"borderBottom\"><strong>Bericht<\/strong><\/h2>\n<p> <span class=\"articleTextSmall\">Rudiger, Georg<\/span> <br \/> <a class=\"articleTextBold\" href=\"http:\/\/www.dasorchester.de\/de_DE\/journal\/current\/showarticle,39451.html\"> Fantastische Musik <\/a> <br \/> <span class=\"articleText\">Die Oper Stuttgart zeigt Niccol\u00f2 Jommellis selten gespielte Oper &#8222;Berenike, K\u00f6nigin von Armenien&#8220;.<\/span><\/div>\n<div class=\"article\"><span class=\"articleTextSmall\">Gerth, Lars-Erik<\/span> <br \/> <a class=\"articleTextBold\" href=\"http:\/\/www.dasorchester.de\/de_DE\/journal\/current\/showarticle,39452.html\"> Violetta in der Glaskugel <\/a> <br \/> <span class=\"articleText\">Nicolas Briegers &#8222;La Traviata&#8220;-Inszenierung in Wiesbaden spielt in einer abweisenden und kalten Atmosph\u00e4re.<\/span><\/div>\n<div class=\"article\"><span class=\"articleTextSmall\">Steinbach, Ludwig<\/span> <br \/> <a class=\"articleTextBold\" href=\"http:\/\/www.dasorchester.de\/de_DE\/journal\/current\/showarticle,39453.html\"> Szenisch endlich modern <\/a> <br \/> <span class=\"articleText\">Bei ihrer spektakul\u00e4ren Deutung von Saint-Sa\u00ebns&#8216; &#8222;Samson und Dalila&#8220; am Staatstheater Darmstadt setzt Regisseurin Inga Levant gekonnt auf eine Dekonstruktion des Helden.<\/span><\/div>\n<div class=\"article\"><span class=\"articleTextSmall\">Pitz-Grewenig, Michael<\/span> <br \/> <a class=\"articleTextBold\" href=\"http:\/\/www.dasorchester.de\/de_DE\/journal\/current\/showarticle,39454.html\"> Zu Recht vergessen? <\/a> <br \/> <span class=\"articleText\">Am Theater Bielefeld wurde Ambroise Thomas\u2019 Grand Op\u00e9ra &#8222;Hamlet&#8220; reaktiviert.<\/span><\/div>\n<div class=\"article\"><span class=\"articleTextSmall\">Frei, Marco<\/span> <br \/> <a class=\"articleTextBold\" href=\"http:\/\/www.dasorchester.de\/de_DE\/journal\/current\/showarticle,39455.html\"> Abgr\u00fcndiger Intrigantenstadl <\/a> <br \/> <span class=\"articleText\">Mit der Urauff\u00fchrung von &#8222;Gef\u00e4hrliche Liebschaften&#8220; sch\u00e4rfte das G\u00e4rtnerplatz-Theater in M\u00fcnchen sein Musical-Profil.<\/span><\/div>\n<div class=\"article\"><span class=\"articleTextSmall\">K\u00f6hl, Rainer<\/span> <br \/> <a class=\"articleTextBold\" href=\"http:\/\/www.dasorchester.de\/de_DE\/journal\/current\/showarticle,39456.html\"> S\u00e4ngerisch, instrumental und szenisch gro\u00dfartig! <\/a> <br \/> <span class=\"articleText\">Johannes Harneits Doppeloper &#8222;Abends am Fluss\/Hochwasser&#8220; wurde am Theater Heidelberg uraufgef\u00fchrt.<\/span><\/div>\n<div class=\"article\"><span class=\"articleTextSmall\">Koch, Hans-Martin<\/span> <br \/> <a class=\"articleTextBold\" href=\"http:\/\/www.dasorchester.de\/de_DE\/journal\/current\/showarticle,39457.html\"> Ziemlich gro\u00dfer Wurf <\/a> <br \/> <span class=\"articleText\">In L\u00fcneburg wagte man sich an Paul Hindemiths Oper &#8222;Neues vom Tage&#8220; von 1929 und meisterte diesen satirischen Spa\u00df mit einer temporeichen Inszenierung.<\/span><\/div>\n<div class=\"article\"><span class=\"articleTextSmall\">Zimmermann, Christoph<\/span> <br \/> <a class=\"articleTextBold\" href=\"http:\/\/www.dasorchester.de\/de_DE\/journal\/current\/showarticle,39458.html\"> Wie es euch gef\u00e4llt <\/a> <br \/> <span class=\"articleText\">Mit seinem neuen Chefdirigenten Stefan Parkman lud der WDR Rundfunkchor K\u00f6ln zum A-cappella-Konzert mit Shakespeare-Vertonungen ein.<\/span><\/div>\n<div class=\"article\"><span class=\"articleTextSmall\">Buske, Peter<\/span> <br \/> <a class=\"articleTextBold\" href=\"http:\/\/www.dasorchester.de\/de_DE\/journal\/current\/showarticle,39459.html\"> Klangst\u00fcrme aus Fernost <\/a> <br \/> <span class=\"articleText\">Das Waseda Symphony Orchestra Tokyo machte auf seiner Europatournee 2015 erneut Station in der Berliner Philharmonie.<\/span><\/div>\n<div class=\"article\"><span class=\"articleTextSmall\">Frei, Marco<\/span> <br \/> <a class=\"articleTextBold\" href=\"http:\/\/www.dasorchester.de\/de_DE\/journal\/current\/showarticle,39460.html\"> W\u00fcrde im \u00c4rger <\/a> <br \/> <span class=\"articleText\">Zum 85. Geburtstag von Lorin Maazel gedachten die M\u00fcnchner Philharmoniker ihres verstorbenen Chefdirigenten mit einem Konzert.<\/span><\/div>\n<div class=\"article\"><span class=\"articleTextSmall\">Lemitz, Birte<\/span> <br \/> <a class=\"articleTextBold\" href=\"http:\/\/www.dasorchester.de\/de_DE\/journal\/current\/showarticle,39461.html\"> Der Klang der St\u00e4dte <\/a> <br \/> <span class=\"articleText\">Im Potsdamer Nikolaisaal begegneten sich im Konzert des Brandenburgischen Staatsorchesters Frankfurt die St\u00e4dte London und Istanbul in eindrucksvollen Klangbildern.<\/span><\/div>\n<div class=\"article\"><span class=\"articleTextSmall\">Pitz-Grewenig, Michael<\/span> <br \/> <a class=\"articleTextBold\" href=\"http:\/\/www.dasorchester.de\/de_DE\/journal\/current\/showarticle,39462.html\"> Die Chemie stimmt <\/a> <br \/> <span class=\"articleText\">Die Nordwestdeutsche Philharmonie freut sich \u00fcber ihren neuen Chefdirigenten Yves Abel.<\/span><\/div>\n<div class=\"article\"><span class=\"articleTextSmall\">Schubert, Jens Daniel<\/span> <br \/> <a class=\"articleTextBold\" href=\"http:\/\/www.dasorchester.de\/de_DE\/journal\/current\/showarticle,39463.html\"> Reise nach Prag <\/a> <br \/> <span class=\"articleText\">F\u00fcr ihr 4. Philharmonisches Konzert w\u00e4hlte die Elbland Philharmonie Sachsen ein reines Mozart-Programm.<\/span><\/div>\n<div class=\"article\"><span class=\"articleTextSmall\">Schulte im Walde, Christoph<\/span> <br \/> <a class=\"articleTextBold\" href=\"http:\/\/www.dasorchester.de\/de_DE\/journal\/current\/showarticle,39464.html\"> Kammermusik in M\u00fcnsters &#8222;guter Stube&#8220; <\/a> <br \/> <span class=\"articleText\">Um die Kammermusikreihe des Sinfonieorchesters M\u00fcnster zu sichern, treten die Musiker sogar ohne Honorar auf!<\/span><\/div>\n<div class=\"article\"><span class=\"articleTextSmall\">Voskamp, Jens<\/span> <br \/> <a class=\"articleTextBold\" href=\"http:\/\/www.dasorchester.de\/de_DE\/journal\/current\/showarticle,39465.html\"> Vater und Sohn <\/a> <br \/> <span class=\"articleText\">Die N\u00fcrnberger Symphoniker boten im 8. Abonnementkonzert Mozart und Rachmaninow mit Alexander und Howard Shelley.<\/span><\/div>\n<div class=\"article\"><span class=\"articleTextSmall\">Jouini, Sascha<\/span> <br \/> <a class=\"articleTextBold\" href=\"http:\/\/www.dasorchester.de\/de_DE\/journal\/current\/showarticle,39466.html\"> Ausfl\u00fcge in Neuland <\/a> <br \/> <span class=\"articleText\">Das 5. Sinfoniekonzert des Philharmonischen Orchesters Gie\u00dfen bot u.a. die Urauff\u00fchrung eines Werks von Ying Wang.<\/span><\/div>\n<div class=\"article\"><span class=\"articleText\">\u00a0<\/span><\/div>\n<p>B\u00fccher, Noten, CD<\/p>\n","protected":false},"excerpt":{"rendered":"<p>\u00a0 Beruf im Wandel Orchestermusiker der Zukunft \u00a0 Aufsatz Scherz-Schade, Sven Beruf im Wandel Orchestermusiker der Zukunft Leseprobe verf\u00fcgbar Noltze,&#8230;<\/p>\n","protected":false},"author":1,"featured_media":0,"comment_status":"open","ping_status":"open","sticky":false,"template":"","format":"standard","meta":{"footnotes":""},"categories":[10],"tags":[],"class_list":["post-2271","post","type-post","status-publish","format-standard","hentry","category-fachzeitschriften","entry"],"_links":{"self":[{"href":"https:\/\/codexflores.ch\/index.php\/wp-json\/wp\/v2\/posts\/2271","targetHints":{"allow":["GET"]}}],"collection":[{"href":"https:\/\/codexflores.ch\/index.php\/wp-json\/wp\/v2\/posts"}],"about":[{"href":"https:\/\/codexflores.ch\/index.php\/wp-json\/wp\/v2\/types\/post"}],"author":[{"embeddable":true,"href":"https:\/\/codexflores.ch\/index.php\/wp-json\/wp\/v2\/users\/1"}],"replies":[{"embeddable":true,"href":"https:\/\/codexflores.ch\/index.php\/wp-json\/wp\/v2\/comments?post=2271"}],"version-history":[{"count":0,"href":"https:\/\/codexflores.ch\/index.php\/wp-json\/wp\/v2\/posts\/2271\/revisions"}],"wp:attachment":[{"href":"https:\/\/codexflores.ch\/index.php\/wp-json\/wp\/v2\/media?parent=2271"}],"wp:term":[{"taxonomy":"category","embeddable":true,"href":"https:\/\/codexflores.ch\/index.php\/wp-json\/wp\/v2\/categories?post=2271"},{"taxonomy":"post_tag","embeddable":true,"href":"https:\/\/codexflores.ch\/index.php\/wp-json\/wp\/v2\/tags?post=2271"}],"curies":[{"name":"wp","href":"https:\/\/api.w.org\/{rel}","templated":true}]}}