{"id":2278,"date":"2015-05-05T05:41:15","date_gmt":"2015-05-05T05:41:15","guid":{"rendered":"https:\/\/codexflores.ch\/index.php\/2015\/05\/05\/winkelman-vertritt-schweiz-an-den-iscm-world-music-days-2015\/"},"modified":"2015-05-05T05:41:15","modified_gmt":"2015-05-05T05:41:15","slug":"winkelman-vertritt-schweiz-an-den-iscm-world-music-days-2015","status":"publish","type":"post","link":"https:\/\/codexflores.ch\/index.php\/2015\/05\/05\/winkelman-vertritt-schweiz-an-den-iscm-world-music-days-2015\/","title":{"rendered":"Winkelman vertritt Schweiz an den ISCM World Music Days 2015"},"content":{"rendered":"<p><span style=\"font-family: arial,helvetica,sans-serif; font-size: small;\">05.05.2015 &#8212; Die Schweizer Komponistin Helena Winkelman ist mit ihrem Werk <em>Bandes dessin\u00e9es<\/em> von der Jury der ISCM (International Society for Contemporary Music) World Music Days 2015 in Slowenien als Schweizer Vertretung des Festivals gew\u00e4hlt worden.<\/span><\/p>\n<p><span style=\"font-family: arial,helvetica,sans-serif; font-size: small;\"><strong>05.05.2015 &#8212; Die Schweizer Komponistin Helena Winkelman ist mit ihrem Werk <em>Bandes dessin\u00e9es<\/em> von der Jury der ISCM (International Society for Contemporary Music) World Music Days 2015 in Slowenien als Schweizer Vertretung des Festivals gew\u00e4hlt worden.<\/strong><\/span><\/p>\n<p><span style=\"font-family: arial,helvetica,sans-serif; font-size: small;\">\u00a0<\/span><\/p>\n<p><span style=\"font-family: arial,helvetica,sans-serif; font-size: small;\">Die ISCM World Music Days sind das j\u00e4hrlich stattfindende Festival der 1922 gegr\u00fcndeten Internationalen Gesellschaft f\u00fcr Neue Musik (International Society for Contemporary Music) und findet 2015 vom 26. September bis zum 1. Oktober in Slowenien statt. Die zur Auswahl stehenden Werke werden von den jeweiligen Landessektionen eingereicht. Die Einreichungen der Schweizer Gesellschaft f\u00fcr Neue Musik SGNM\/SSMC hat ihr Vizepr\u00e4sident Nicolas Farine koordiniert. <\/span><\/p>\n<p>\u00a0<\/p>\n<p><span style=\"font-family: arial,helvetica,sans-serif; font-size: small;\">Winkelman studierte Komposition bei Roland Moser und Georg Friedrich Haas. 2013 war sie Composer in Residence am Musikdorf Ernen in der Schweiz und 2014 beim Lockenhaus Festival in Oesterreich. Sie erhielt unter anderem Kompositionsauftr\u00e4ge von der Harvard Musical Association Boston, der Basel Sinfonietta, der Musikfabrik K\u00f6ln und dem Lucerne Festival. Ihre Werke wurden vom Ensemble Phoenix und dem Arditti Quartett gespielt. Helena Winkelman lebt in Basel.\u00a0 <em>(cf)<\/em><\/span><\/p>\n<p><span style=\"font-family: arial,helvetica,sans-serif; font-size: small;\">\u00a0<\/span><\/p>\n","protected":false},"excerpt":{"rendered":"<p><span style=\"font-family: arial,helvetica,sans-serif; font-size: small;\">05.05.2015 &#8212; Die Schweizer Komponistin Helena Winkelman ist mit ihrem Werk <em>Bandes dessin\u00e9es<\/em> von der Jury der ISCM (International Society for Contemporary Music) World Music Days 2015 in Slowenien als Schweizer Vertretung des Festivals gew\u00e4hlt worden.<\/span><\/p>\n","protected":false},"author":1,"featured_media":0,"comment_status":"open","ping_status":"open","sticky":false,"template":"","format":"standard","meta":{"footnotes":""},"categories":[2],"tags":[],"class_list":["post-2278","post","type-post","status-publish","format-standard","hentry","category-nachrichten","entry"],"_links":{"self":[{"href":"https:\/\/codexflores.ch\/index.php\/wp-json\/wp\/v2\/posts\/2278","targetHints":{"allow":["GET"]}}],"collection":[{"href":"https:\/\/codexflores.ch\/index.php\/wp-json\/wp\/v2\/posts"}],"about":[{"href":"https:\/\/codexflores.ch\/index.php\/wp-json\/wp\/v2\/types\/post"}],"author":[{"embeddable":true,"href":"https:\/\/codexflores.ch\/index.php\/wp-json\/wp\/v2\/users\/1"}],"replies":[{"embeddable":true,"href":"https:\/\/codexflores.ch\/index.php\/wp-json\/wp\/v2\/comments?post=2278"}],"version-history":[{"count":0,"href":"https:\/\/codexflores.ch\/index.php\/wp-json\/wp\/v2\/posts\/2278\/revisions"}],"wp:attachment":[{"href":"https:\/\/codexflores.ch\/index.php\/wp-json\/wp\/v2\/media?parent=2278"}],"wp:term":[{"taxonomy":"category","embeddable":true,"href":"https:\/\/codexflores.ch\/index.php\/wp-json\/wp\/v2\/categories?post=2278"},{"taxonomy":"post_tag","embeddable":true,"href":"https:\/\/codexflores.ch\/index.php\/wp-json\/wp\/v2\/tags?post=2278"}],"curies":[{"name":"wp","href":"https:\/\/api.w.org\/{rel}","templated":true}]}}