{"id":2279,"date":"2015-05-05T05:53:07","date_gmt":"2015-05-05T05:53:07","guid":{"rendered":"https:\/\/codexflores.ch\/index.php\/2015\/05\/05\/erbe-soll-dank-appenzeller-stiftung-kultur-foerdern\/"},"modified":"2015-05-05T05:53:07","modified_gmt":"2015-05-05T05:53:07","slug":"erbe-soll-dank-appenzeller-stiftung-kultur-foerdern","status":"publish","type":"post","link":"https:\/\/codexflores.ch\/index.php\/2015\/05\/05\/erbe-soll-dank-appenzeller-stiftung-kultur-foerdern\/","title":{"rendered":"Erbe soll dank Appenzeller Stiftung Kultur f\u00f6rdern"},"content":{"rendered":"<p>05.05.2015 &#8212; Anl\u00e4sslich der \u00abKulturlandsgemeinde\u00bb von Appenzell Ausserrhoden in Heiden ist eine Stiftung Erbprozent Kultur lanciert worden. Die Idee: Das Verm\u00f6gen der Stiftung wird aus freiwillig zur Verf\u00fcgung gestellten Prozenten pers\u00f6nlichen Erbes aufgebaut.<\/p>\n<p><strong>05.05.2015 &#8212; Anl\u00e4sslich der \u00abKulturlandsgemeinde\u00bb von Appenzell Ausserrhoden in Heiden ist eine Stiftung Erbprozent Kultur lanciert worden. Die Idee: Das Verm\u00f6gen der Stiftung wird aus freiwillig zur Verf\u00fcgung gestellten Prozenten pers\u00f6nlichen Erbes aufgebaut.<\/strong><\/p>\n<p>\u00a0<\/p>\n<p>Die Stiftung ist laut der offiziellen Medienmitteilung eine \u00abgemeinschaftliche Kulturf\u00f6rderung ohne Eintrittsh\u00fcrden\u00bb. Sie erm\u00f6gliche \u00abein klares, pers\u00f6nliches Bekenntnis zur Kultur\u00bb. Jede Person \u2013 unabh\u00e4ngig von Herkunft, Geschlecht, Status oder H\u00f6he des Verm\u00f6gens \u2013 kann freiwillig ein Prozent ihres pers\u00f6nlichen Erbes f\u00fcr die Kultur stiften. Sie k\u00f6nne damit Teil eines generationen\u00fcbergreifenden Projekts werden und die Kulturlandschaft aktiv mit gestalten, schreiben die Initianten weiter. Ein handschriftliches Erbversprechen reicht aus.<\/p>\n<p>\u00a0<\/p>\n<p>An die Aufbauphase hat der Regierungsrat von Appenzell Ausserrhoden einen Beitrag zugesichert. Bereits soll vierzig Personen eine Absichtserkl\u00e4rung abgegeben haben, darunter auch namhafte Pers\u00f6nlichkeiten.<\/p>\n<p>\u00a0<\/p>\n<p>Die Stiftung soll Kultur in und aus der ganzen Schweiz in ihrer vielf\u00e4ltigen Ausgestaltung f\u00f6rdern. In einer auf zwei Jahre angelegten Aufbauphase werden die F\u00f6rdergrunds\u00e4tze partizipativ unter Einbezug von \u00abErbversprechenden\u00bb erarbeitet. In offenen Foren will die Stiftung grundlegende Fragen zum Profil stellen und neue Formen von Vergabeinstrumenten und Prozessen entwickeln. Ab 2017 k\u00f6nnen F\u00f6rdermittel \u2013 vermutlich noch in bescheidenem Umfang \u2013 vergeben werden. Die Stiftung geht davon aus, dass sie in den ersten 10 Jahren die zweistellige Millionengrenze erreichen wird. <em>(cf)\u00a0<\/em><\/p>\n","protected":false},"excerpt":{"rendered":"<p>05.05.2015 &#8212; Anl\u00e4sslich der \u00abKulturlandsgemeinde\u00bb von Appenzell Ausserrhoden in Heiden ist eine Stiftung Erbprozent Kultur lanciert worden. Die Idee: Das Verm\u00f6gen der Stiftung wird aus freiwillig zur Verf\u00fcgung gestellten Prozenten pers\u00f6nlichen Erbes aufgebaut.<\/p>\n","protected":false},"author":1,"featured_media":0,"comment_status":"open","ping_status":"open","sticky":false,"template":"","format":"standard","meta":{"footnotes":""},"categories":[2],"tags":[],"class_list":["post-2279","post","type-post","status-publish","format-standard","hentry","category-nachrichten","entry"],"_links":{"self":[{"href":"https:\/\/codexflores.ch\/index.php\/wp-json\/wp\/v2\/posts\/2279","targetHints":{"allow":["GET"]}}],"collection":[{"href":"https:\/\/codexflores.ch\/index.php\/wp-json\/wp\/v2\/posts"}],"about":[{"href":"https:\/\/codexflores.ch\/index.php\/wp-json\/wp\/v2\/types\/post"}],"author":[{"embeddable":true,"href":"https:\/\/codexflores.ch\/index.php\/wp-json\/wp\/v2\/users\/1"}],"replies":[{"embeddable":true,"href":"https:\/\/codexflores.ch\/index.php\/wp-json\/wp\/v2\/comments?post=2279"}],"version-history":[{"count":0,"href":"https:\/\/codexflores.ch\/index.php\/wp-json\/wp\/v2\/posts\/2279\/revisions"}],"wp:attachment":[{"href":"https:\/\/codexflores.ch\/index.php\/wp-json\/wp\/v2\/media?parent=2279"}],"wp:term":[{"taxonomy":"category","embeddable":true,"href":"https:\/\/codexflores.ch\/index.php\/wp-json\/wp\/v2\/categories?post=2279"},{"taxonomy":"post_tag","embeddable":true,"href":"https:\/\/codexflores.ch\/index.php\/wp-json\/wp\/v2\/tags?post=2279"}],"curies":[{"name":"wp","href":"https:\/\/api.w.org\/{rel}","templated":true}]}}