{"id":228,"date":"2014-01-10T10:30:35","date_gmt":"2014-01-10T10:30:35","guid":{"rendered":"https:\/\/codexflores.ch\/index.php\/2014\/01\/10\/saitenspiele-fuer-laue-sommerabende\/"},"modified":"2014-01-10T10:30:35","modified_gmt":"2014-01-10T10:30:35","slug":"saitenspiele-fuer-laue-sommerabende","status":"publish","type":"post","link":"https:\/\/codexflores.ch\/index.php\/2014\/01\/10\/saitenspiele-fuer-laue-sommerabende\/","title":{"rendered":"Saitenspiele f\u00fcr laue Sommerabende"},"content":{"rendered":"<p><span class=\"txt-m-black\"><img decoding=\"async\" src=\"http:\/\/www.codexflores.ch\/bilder\/2008\/080628gitarren.jpg\" border=\"0\" align=\"left\" \/><em>27.06.2008 &#8212;<\/em> Aus dem Musikunterricht wachsen allerorten Streicher- und Bl\u00e4sergruppen, aber auch Spezialorchester, in denen Musiklehrer ihre Sch\u00fcler zum gemeinsamen Tun zusammenbringen. Solche Spezialensembles sind vor allem in der Grauzone zwischen Kunst- und Volksmusik verbreitet, da entwickeln von der breiten \u00d6ffentlichkeit wenig bemerkt Akkordeon-, Zithern-, Fl\u00f6ten- oder Mandolinenensembles, aber auch Posaunench\u00f6re und Mundharmonikagruppen ein reges Eigenleben. Sie sind dabei \u00fcberaus wichtige Tr\u00e4ger der musikalischen Jugendf\u00f6rderung.<\/p>\n<p> In diese Reihe geh\u00f6rt auch das Jugendgitarrenorchester Baden-W\u00fcrttemberg; zugleich weist es \u00fcber den p\u00e4dagogischen und gemeinschaftsbildenden Alltag der Spezialorchester hinaus. Es hatte als erste Landesauswahl von Gitarristinnen und Gitarristen \u2212 die meisten davon Preistr\u00e4ger der Landes- oder Bundeswettbewerbe \u00abJugend musiziert\u00bb \u2212 f\u00fcr andere Ensembles in und ausserhalb Deutschlands Vorbildcharakter.<\/p>\n<p> Seine Konzerte und Auslandstourneen, die vom Deutschen Musikrat und dem Goethe Institut gef\u00f6rdert werden, haben es auch schon bis nach Australien, Kuba, China, S\u00fcdkorea und Zentralamerika gef\u00fchrt. Im kommenden September tourt das Ensemble durch Russland, und im Oktober sind Konzerte in Strassburg, Karlsruhe und Br\u00fchl programmiert. Mehr Infos dazu finden sich auf der Webseite des Orchesters.<\/p>\n<p> Auf seiner mittlerweile vierten CD konzertiert das Ensemble unter der Leitung seines Dirigenten Helmut Oesterreich zusammen mit dem georgischen Br\u00fcderduo Nick und David Kvaratskhelia. Dargeboten werden dabei sowohl Originalwerke f\u00fcr die Besetzung als auch Transkriptionen. Zu letzteren geh\u00f6rt das a-Moll-Konzert op.3 Nr.8 f\u00fcr zwei Violinen und Orchester aus Antonio Vivaldis \u00abL&#8217;Estro Armonico\u00bb, welches das Solistenduo f\u00fcr Gitarren eingerichtet hat, und Joseph Haydns Concerto in C f\u00fcr Orgelleiern, zwei H\u00f6rner und Streicher (Hob. VIIh:1). In beiden F\u00e4llen ergibt sich ein eigener, durchaus ansprechender Charakter der Originalmusik \u2212 vor allem durch den Ersatz der zu andauernder Tonerzeugung f\u00e4higen f\u00fclligen Streicher durch rasch verklingende angerissene Saiten.<\/p>\n<p> Sehr interessant ist in dem originell und stimmig zusammengestellten Programm auch die Transkription von Vokals\u00e4tzen aus dem 16. Jahrhundert, die an eine Tradition aus der Zeit ankn\u00fcpft: Es handelt sich um Madrigale Ruggero Giovanellis (1560-1625) und Giovanni Maria Nanino (1543-1607), die in der Gitarrenversion naturgem\u00e4ss weniger den harmonischen, daf\u00fcr mehr den komplexen rhythmisch-t\u00e4nzerischen Charakter betonen.<\/p>\n<p> Mit dem Lorca Concerto f\u00fcr zwei Gitarren und Gitarrenorchester des 1949 geborenen Gerald Gracia findet sich auch eine Originalkomposition f\u00fcr die Besetzung auf der Silberscheibe, ein eher konventionelles, aber atmosph\u00e4risch dichtes Werk, das an die Musik von Albeniz, Rodrigo und andere spanische Nationalkomponisten erinnert. Den Abschluss macht eine Adaption von Astor Piazzollas in einem Reigen tango-nuevo-tpyischer perkussiver Effekte endendes Fugata. Dass auch diese Adaption zu \u00fcberzeugen vermag, d\u00fcrfte mit der Person des Bearbeiters zu tun haben; es handelt sich um einen kubanischen Gitarristen und Piazzolla-Kenner namens Joel San Martin. <em>(wb)<\/em><\/p>\n<p> <span style=\"font-size: x-small;\"><em><span class=\"txt-s-black\">JGO meets Duo Kvaratskhelia. Jugendgitarrenorchester Baden-W\u00fcrttemberg, Duo Kvaratskhelia, Leitung Helmut Oesterreich. Antonio Vivaldi: Concerto en la (L&#8217;Estro armonico) op3 nr 4; Ruggero Giovanelli: Ero cosi dicea; Giovanni Nanino: Morir non pu\u00f2 &#8218;l mio core &#8211; Lasso ch ogni auguelletto; Joseph Haydn: Concerto in C; Gerald Garc\u00eda: Lorca-Concerto; Astor Piazzolla: Fugata. earslovemusic elm 319.8002.2. Webseite des Orchesters: <a href=\"http:\/\/www.jgo-bw.de\">www.jgo-bw.de<\/a> <\/span><\/em><\/span><\/span><\/p>\n","protected":false},"excerpt":{"rendered":"<p>27.06.2008 &#8212; Aus dem Musikunterricht wachsen allerorten Streicher- und Bl\u00e4sergruppen, aber auch Spezialorchester, in denen Musiklehrer ihre Sch\u00fcler zum gemeinsamen&#8230;<\/p>\n","protected":false},"author":1,"featured_media":0,"comment_status":"open","ping_status":"open","sticky":false,"template":"","format":"standard","meta":{"footnotes":""},"categories":[4],"tags":[],"class_list":["post-228","post","type-post","status-publish","format-standard","hentry","category-im-gespraech","entry"],"_links":{"self":[{"href":"https:\/\/codexflores.ch\/index.php\/wp-json\/wp\/v2\/posts\/228","targetHints":{"allow":["GET"]}}],"collection":[{"href":"https:\/\/codexflores.ch\/index.php\/wp-json\/wp\/v2\/posts"}],"about":[{"href":"https:\/\/codexflores.ch\/index.php\/wp-json\/wp\/v2\/types\/post"}],"author":[{"embeddable":true,"href":"https:\/\/codexflores.ch\/index.php\/wp-json\/wp\/v2\/users\/1"}],"replies":[{"embeddable":true,"href":"https:\/\/codexflores.ch\/index.php\/wp-json\/wp\/v2\/comments?post=228"}],"version-history":[{"count":0,"href":"https:\/\/codexflores.ch\/index.php\/wp-json\/wp\/v2\/posts\/228\/revisions"}],"wp:attachment":[{"href":"https:\/\/codexflores.ch\/index.php\/wp-json\/wp\/v2\/media?parent=228"}],"wp:term":[{"taxonomy":"category","embeddable":true,"href":"https:\/\/codexflores.ch\/index.php\/wp-json\/wp\/v2\/categories?post=228"},{"taxonomy":"post_tag","embeddable":true,"href":"https:\/\/codexflores.ch\/index.php\/wp-json\/wp\/v2\/tags?post=228"}],"curies":[{"name":"wp","href":"https:\/\/api.w.org\/{rel}","templated":true}]}}