{"id":2282,"date":"2015-05-06T05:49:24","date_gmt":"2015-05-06T05:49:24","guid":{"rendered":"https:\/\/codexflores.ch\/index.php\/2015\/05\/06\/schmeing-bleibt-bis-2022-beim-guerzenich-orchester\/"},"modified":"2015-05-06T05:49:24","modified_gmt":"2015-05-06T05:49:24","slug":"schmeing-bleibt-bis-2022-beim-guerzenich-orchester","status":"publish","type":"post","link":"https:\/\/codexflores.ch\/index.php\/2015\/05\/06\/schmeing-bleibt-bis-2022-beim-guerzenich-orchester\/","title":{"rendered":"Schmeing bleibt bis 2022 beim G\u00fcrzenich-Orchester"},"content":{"rendered":"<p><span style=\"font-family: arial,helvetica,sans-serif; font-size: small;\">06.05.2015 &#8212; Die Stadt K\u00f6ln hat den Vertrag mit Patrick Schmeing, dem Gesch\u00e4ftsf\u00fchrenden Direktor des G\u00fcrzenich-Orchesters, bis 2022 verl\u00e4ngert. Schmeing ist seit 2010 in dem Amt.<\/span><\/p>\n<p><span style=\"font-family: arial,helvetica,sans-serif; font-size: small;\"><strong>06.05.2015 &#8212; Die Stadt K\u00f6ln hat den Vertrag mit Patrick Schmeing, dem Gesch\u00e4ftsf\u00fchrenden Direktor des G\u00fcrzenich-Orchesters, bis 2022 verl\u00e4ngert. Schmeing ist seit 2010 in dem Amt.<\/strong><\/span><\/p>\n<p><span style=\"font-family: arial,helvetica,sans-serif; font-size: small;\">\u00a0<\/span><\/p>\n<p><span style=\"font-family: arial,helvetica,sans-serif; font-size: small;\">Das Orchester habe seit Schmeings Amtsantritt die Auslastung der Konzerte von 81 auf 93 Prozent gesteigert. Zudem hat es in der Zeit rund 2000 neue Abonnenten hinzugewonnen und die Deutsche Lufthansa als Hauptsponsor an sich gebunden. Patrick Schmeing habe den Spielplan um neue Konzertformate erg\u00e4nzt und sich als Mitglied der Findungskommission f\u00fcr Fran\u00e7ois-Xavier Roth als G\u00fcrzenich-Kapellmeister und Generalmusikdirektor der Stadt K\u00f6ln eingesetzt, der am 1. September 2015 sein Amt aufnehmen wird. <\/span><\/p>\n<p>\u00a0<\/p>\n<p><span style=\"font-family: arial,helvetica,sans-serif; font-size: small;\">Patrick Schmeing ist in K\u00f6ln aufgewachsen und hat dort nach einer Ausbildung zum Bankkaufmann Betriebswirtschaftslehre und Kunstgeschichte studiert. Nach seinem Berufsstart in der Kommunikationsabteilung der Bertelsmann-Stiftung in G\u00fctersloh war er zehn Jahren f\u00fcr das Gewandhausorchester und Gewandhaus zu Leipzig t\u00e4tig. <em>(cf)<\/em> <\/span><\/p>\n<p>\u00a0<\/p>\n","protected":false},"excerpt":{"rendered":"<p><span style=\"font-family: arial,helvetica,sans-serif; font-size: small;\">06.05.2015 &#8212; Die Stadt K\u00f6ln hat den Vertrag mit Patrick Schmeing, dem Gesch\u00e4ftsf\u00fchrenden Direktor des G\u00fcrzenich-Orchesters, bis 2022 verl\u00e4ngert. Schmeing ist seit 2010 in dem Amt.<\/span><\/p>\n","protected":false},"author":1,"featured_media":0,"comment_status":"open","ping_status":"open","sticky":false,"template":"","format":"standard","meta":{"footnotes":""},"categories":[2],"tags":[],"class_list":["post-2282","post","type-post","status-publish","format-standard","hentry","category-nachrichten","entry"],"_links":{"self":[{"href":"https:\/\/codexflores.ch\/index.php\/wp-json\/wp\/v2\/posts\/2282","targetHints":{"allow":["GET"]}}],"collection":[{"href":"https:\/\/codexflores.ch\/index.php\/wp-json\/wp\/v2\/posts"}],"about":[{"href":"https:\/\/codexflores.ch\/index.php\/wp-json\/wp\/v2\/types\/post"}],"author":[{"embeddable":true,"href":"https:\/\/codexflores.ch\/index.php\/wp-json\/wp\/v2\/users\/1"}],"replies":[{"embeddable":true,"href":"https:\/\/codexflores.ch\/index.php\/wp-json\/wp\/v2\/comments?post=2282"}],"version-history":[{"count":0,"href":"https:\/\/codexflores.ch\/index.php\/wp-json\/wp\/v2\/posts\/2282\/revisions"}],"wp:attachment":[{"href":"https:\/\/codexflores.ch\/index.php\/wp-json\/wp\/v2\/media?parent=2282"}],"wp:term":[{"taxonomy":"category","embeddable":true,"href":"https:\/\/codexflores.ch\/index.php\/wp-json\/wp\/v2\/categories?post=2282"},{"taxonomy":"post_tag","embeddable":true,"href":"https:\/\/codexflores.ch\/index.php\/wp-json\/wp\/v2\/tags?post=2282"}],"curies":[{"name":"wp","href":"https:\/\/api.w.org\/{rel}","templated":true}]}}