{"id":2283,"date":"2015-05-06T05:57:37","date_gmt":"2015-05-06T05:57:37","guid":{"rendered":"https:\/\/codexflores.ch\/index.php\/2015\/05\/06\/nominationen-fuer-den-grand-prix-musik-2015\/"},"modified":"2015-05-06T05:57:37","modified_gmt":"2015-05-06T05:57:37","slug":"nominationen-fuer-den-grand-prix-musik-2015","status":"publish","type":"post","link":"https:\/\/codexflores.ch\/index.php\/2015\/05\/06\/nominationen-fuer-den-grand-prix-musik-2015\/","title":{"rendered":"Nominationen f\u00fcr den Grand Prix Musik 2015"},"content":{"rendered":"<p><span style=\"font-family: arial,helvetica,sans-serif; font-size: small;\">06.05.2015 &#8212; Das Bundesamt f\u00fcr Kultur (BAK) verleiht 2015 zum zweiten Mal den Schweizer Grand Prix Musik. Es hat nun die Nominierten bekanntgegeben.<\/span><\/p>\n<p><span style=\"font-family: arial,helvetica,sans-serif; font-size: small;\"><strong>06.05.2015 &#8212; Das Bundesamt f\u00fcr Kultur (BAK) verleiht 2015 zum zweiten Mal den Schweizer Grand Prix Musik. Es hat nun die Nominierten bekanntgegeben.<\/strong><\/span><\/p>\n<p><span style=\"font-family: arial,helvetica,sans-serif; font-size: small;\">\u00a0<\/span><\/p>\n<p><span style=\"font-family: arial,helvetica,sans-serif; font-size: small;\">Die Nominierten sind Philippe Alb\u00e8ra (Gen\u00e8ve), Nik B\u00e4rtsch (Z\u00fcrich), Malcolm Braff (Vevey \/ Le Mont Pelerin), Markus Fl\u00fcckiger (Schwyz), Joy Frempong (Bolgatanga (GH)\/Z\u00fcrich), Marcel Gschwend aka Bit-Tuner (St. Gallen\/Z\u00fcrich), Heinz Holliger (Basel), Daniel Humair (Gen\u00e8ve\/Paris), Joke Lanz (Basel\/Berlin), Christian Pahud (Lausanne), Annette Schmucki (Z\u00fcrich\/Cormoret), Bruno Spoerri (Z\u00fcrich), Cathy van Eck (Z\u00fcrich), Nadir Vassena (Lugano) und Christian Zehnder (Basel).<\/span><\/p>\n<p><span style=\"font-family: arial,helvetica,sans-serif; font-size: small;\">\u00a0<\/span><\/p>\n<p><span style=\"font-family: arial,helvetica,sans-serif; font-size: small;\">Ziel des Schweizer Grand Prix Musik ist es, \u00abherausragendes und innovatives schweizerisches Musikschaffen zu w\u00fcrdigen und ins Licht der \u00d6ffentlichkeit zu r\u00fccken\u00bb. Der Schweizer Grand Prix Musik ist mit 100&#8217;000 Franken dotiert, die Nominationen mit je 25&#8217;000 Franken.<\/span><\/p>\n<p><span style=\"font-family: arial,helvetica,sans-serif; font-size: small;\">\u00a0<\/span><\/p>\n<p><span style=\"font-family: arial,helvetica,sans-serif; font-size: small;\">Das BAK mandatiert j\u00e4hrlich ein zehnk\u00f6pfiges Expertenteam, bestehend aus Musikjournalisten, Musikschaffenden und Musikexperten. Dieses Team w\u00e4hlt Kandidatinnen und Kandidaten aus allen Regionen der Schweiz und aus s\u00e4mtlichen Musiksparten aus, um diese der Eidgen\u00f6ssischen Jury f\u00fcr Musik zu unterbreiten. <\/span><\/p>\n<p>\u00a0<\/p>\n<p><span style=\"font-family: arial,helvetica,sans-serif; font-size: small;\">Die Jury besteht aus Graziella Contratto, Annelis Berger, Thomas Burkhalter, Zeno Gabaglio, Michael Kinzer, Florian Walser und Carine Zuber. Sie bestimmte im April 2015 aus 53 vorgeschlagenen Musikschaffenden die 15 Finalistinnen und Finalisten. Die Gewinnerin oder der Gewinner des Schweizer Grand Prix Musik wird an der Preisverleihung bekanntgegeben.\u00a0 <em>(cf)<\/em><\/span><\/p>\n<p><span style=\"font-family: arial,helvetica,sans-serif; font-size: small;\">\u00a0<\/span><\/p>\n","protected":false},"excerpt":{"rendered":"<p><span style=\"font-family: arial,helvetica,sans-serif; font-size: small;\">06.05.2015 &#8212; Das Bundesamt f\u00fcr Kultur (BAK) verleiht 2015 zum zweiten Mal den Schweizer Grand Prix Musik. Es hat nun die Nominierten bekanntgegeben.<\/span><\/p>\n","protected":false},"author":1,"featured_media":0,"comment_status":"open","ping_status":"open","sticky":false,"template":"","format":"standard","meta":{"footnotes":""},"categories":[2],"tags":[],"class_list":["post-2283","post","type-post","status-publish","format-standard","hentry","category-nachrichten","entry"],"_links":{"self":[{"href":"https:\/\/codexflores.ch\/index.php\/wp-json\/wp\/v2\/posts\/2283","targetHints":{"allow":["GET"]}}],"collection":[{"href":"https:\/\/codexflores.ch\/index.php\/wp-json\/wp\/v2\/posts"}],"about":[{"href":"https:\/\/codexflores.ch\/index.php\/wp-json\/wp\/v2\/types\/post"}],"author":[{"embeddable":true,"href":"https:\/\/codexflores.ch\/index.php\/wp-json\/wp\/v2\/users\/1"}],"replies":[{"embeddable":true,"href":"https:\/\/codexflores.ch\/index.php\/wp-json\/wp\/v2\/comments?post=2283"}],"version-history":[{"count":0,"href":"https:\/\/codexflores.ch\/index.php\/wp-json\/wp\/v2\/posts\/2283\/revisions"}],"wp:attachment":[{"href":"https:\/\/codexflores.ch\/index.php\/wp-json\/wp\/v2\/media?parent=2283"}],"wp:term":[{"taxonomy":"category","embeddable":true,"href":"https:\/\/codexflores.ch\/index.php\/wp-json\/wp\/v2\/categories?post=2283"},{"taxonomy":"post_tag","embeddable":true,"href":"https:\/\/codexflores.ch\/index.php\/wp-json\/wp\/v2\/tags?post=2283"}],"curies":[{"name":"wp","href":"https:\/\/api.w.org\/{rel}","templated":true}]}}