{"id":2287,"date":"2015-05-07T06:04:14","date_gmt":"2015-05-07T06:04:14","guid":{"rendered":"https:\/\/codexflores.ch\/index.php\/2015\/05\/07\/christine-schaefer-verlaengert-ihre-auszeit\/"},"modified":"2015-05-07T06:04:14","modified_gmt":"2015-05-07T06:04:14","slug":"christine-schaefer-verlaengert-ihre-auszeit","status":"publish","type":"post","link":"https:\/\/codexflores.ch\/index.php\/2015\/05\/07\/christine-schaefer-verlaengert-ihre-auszeit\/","title":{"rendered":"Christine Sch\u00e4fer verl\u00e4ngert ihre Auszeit"},"content":{"rendered":"<p><span style=\"font-family: arial,helvetica,sans-serif; font-size: small;\">07.05.2015 &#8212; Wie die H\u00e4ndel-Festspiele mitteilen, verl\u00e4ngert die Sopranistin Christine Sch\u00e4fer ein Sabbatical \u00abauf unbestimmte Zeit\u00bb. Sie hat alle Verpflichtungen abgesagt.<\/span><\/p>\n<p><span style=\"font-family: arial,helvetica,sans-serif; font-size: small;\"><strong>07.05.2015 &#8212; Wie die H\u00e4ndel-Festspiele mitteilen, verl\u00e4ngert die Sopranistin Christine Sch\u00e4fer ein Sabbatical \u00abauf unbestimmte Zeit\u00bb. Sie hat alle Verpflichtungen abgesagt.<\/strong><\/span><\/p>\n<p><span style=\"font-family: arial,helvetica,sans-serif; font-size: small;\">\u00a0<\/span><\/p>\n<p><span style=\"font-family: arial,helvetica,sans-serif; font-size: small;\">Christine Sch\u00e4fer habe sich \u00abaus privaten Gr\u00fcnden\u00bb im Sp\u00e4tsommer 2014 entschieden, in der Saison 2014\/15 ein Sabbatical zu nehmen, heisst es in der Mitteilung der Festspiele. Die Verl\u00e4ngerung der Auszeit betrifft nun ein auch geplantes Konzert vom 11. Juni in Halle. Ersetzt wird sie durch Nuria Rial. Die Karten f\u00fcr das Festkonzert behalten ihre G\u00fcltigkeit. Es sei\u00a0 aber auch m\u00f6glich, die Tickets bei der Vorverkaufsstelle, bei der sie erworben wurden, unter R\u00fcckerstattung des Ticketpreises zur\u00fcckzugeben, schreiben die Festspiele weiter.<\/span><\/p>\n<p>\u00a0<\/p>\n<p><span style=\"font-family: arial,helvetica,sans-serif; font-size: small;\">2008 wurde die Sopranistin mit dem Bundesverdienstkreuz geehrt, seit 2009 ist sie Mitglied der Akademie der K\u00fcnste Berlin und seit 2013 der Bayerischen Akademie der Sch\u00f6nen K\u00fcnste. Im Fr\u00fchling 2015 ist Christine Sch\u00e4fer als ordentliche Professorin an die Hochschule f\u00fcr Musik Hanns Eisler in Berlin berufen worden. <em>(cf)<\/em><\/span><\/p>\n<p><span style=\"font-family: arial,helvetica,sans-serif; font-size: small;\">\u00a0<\/span><\/p>\n","protected":false},"excerpt":{"rendered":"<p><span style=\"font-family: arial,helvetica,sans-serif; font-size: small;\">07.05.2015 &#8212; Wie die H\u00e4ndel-Festspiele mitteilen, verl\u00e4ngert die Sopranistin Christine Sch\u00e4fer ein Sabbatical \u00abauf unbestimmte Zeit\u00bb. Sie hat alle Verpflichtungen abgesagt.<\/span><\/p>\n","protected":false},"author":1,"featured_media":0,"comment_status":"open","ping_status":"open","sticky":false,"template":"","format":"standard","meta":{"footnotes":""},"categories":[2],"tags":[],"class_list":["post-2287","post","type-post","status-publish","format-standard","hentry","category-nachrichten","entry"],"_links":{"self":[{"href":"https:\/\/codexflores.ch\/index.php\/wp-json\/wp\/v2\/posts\/2287","targetHints":{"allow":["GET"]}}],"collection":[{"href":"https:\/\/codexflores.ch\/index.php\/wp-json\/wp\/v2\/posts"}],"about":[{"href":"https:\/\/codexflores.ch\/index.php\/wp-json\/wp\/v2\/types\/post"}],"author":[{"embeddable":true,"href":"https:\/\/codexflores.ch\/index.php\/wp-json\/wp\/v2\/users\/1"}],"replies":[{"embeddable":true,"href":"https:\/\/codexflores.ch\/index.php\/wp-json\/wp\/v2\/comments?post=2287"}],"version-history":[{"count":0,"href":"https:\/\/codexflores.ch\/index.php\/wp-json\/wp\/v2\/posts\/2287\/revisions"}],"wp:attachment":[{"href":"https:\/\/codexflores.ch\/index.php\/wp-json\/wp\/v2\/media?parent=2287"}],"wp:term":[{"taxonomy":"category","embeddable":true,"href":"https:\/\/codexflores.ch\/index.php\/wp-json\/wp\/v2\/categories?post=2287"},{"taxonomy":"post_tag","embeddable":true,"href":"https:\/\/codexflores.ch\/index.php\/wp-json\/wp\/v2\/tags?post=2287"}],"curies":[{"name":"wp","href":"https:\/\/api.w.org\/{rel}","templated":true}]}}