{"id":2294,"date":"2015-05-11T06:08:40","date_gmt":"2015-05-11T06:08:40","guid":{"rendered":"https:\/\/codexflores.ch\/index.php\/2015\/05\/11\/cyrill-schuerch-erster-merz-preistraeger-fuer-musik\/"},"modified":"2015-05-11T06:08:40","modified_gmt":"2015-05-11T06:08:40","slug":"cyrill-schuerch-erster-merz-preistraeger-fuer-musik","status":"publish","type":"post","link":"https:\/\/codexflores.ch\/index.php\/2015\/05\/11\/cyrill-schuerch-erster-merz-preistraeger-fuer-musik\/","title":{"rendered":"Cyrill Sch\u00fcrch erster Merz-Preistr\u00e4ger f\u00fcr Musik"},"content":{"rendered":"<p><span style=\"font-family: arial,helvetica,sans-serif; font-size: small;\">11.05.2015 &#8212; Der Luzerner Komponist Cyrill Sch\u00fcrch ist der erste Empf\u00e4nger des neu begr\u00fcndeten Mario-Merz-Preises in der Kategorie Musik. Der Preis wird auch f\u00fcr einen K\u00fcnstler vergeben. Der erste ist der \u00c4gypter\u00a0Wael Shawky.<\/span><\/p>\n<p><span style=\"font-family: arial,helvetica,sans-serif; font-size: small;\"><strong>11.05.2015 &#8212; Der Luzerner Komponist Cyrill Sch\u00fcrch ist der erste Empf\u00e4nger des neu begr\u00fcndeten Mario-Merz-Preises in der Kategorie Musik. Der Preis wird auch f\u00fcr einen K\u00fcnstler vergeben. Der erste ist der \u00c4gypter\u00a0Wael Shawky.<\/strong><\/span><\/p>\n<p><span style=\"font-family: arial,helvetica,sans-serif; font-size: small;\">\u00a0<\/span><\/p>\n<p><span style=\"font-family: arial,helvetica,sans-serif; font-size: small;\">\u00abAufgrund der hohen lyrischen Sensibilit\u00e4t, die Effizienz der Instrumentalkomposition und eines weisen Gleichgewichts zwischen Innovation und Kenntnis der Tradition\u00bb sei der Preis nach Mehrheitsentscheidung an Cyrill Sch\u00fcrch verliehen worden, heisst es in der Medienmitteilung.<\/span><\/p>\n<p><span style=\"font-family: arial,helvetica,sans-serif; font-size: small;\">\u00a0<\/span><\/p>\n<p><span style=\"font-family: arial,helvetica,sans-serif; font-size: small;\">In der Endrunde der Kategorie Musik fanden sich Paolo Boggio, Arturo Corrales, Vassos Nicolaou, Cyrill Sch\u00fcrch und Vito Zuraj. Die Musikjury bestand aus Thomas Demenga (Cellist und Komponist), Dieter Ammann (Komponist), Alexander Lonquich (Pianist) und Willy Merz.<\/span><\/p>\n<p><span style=\"font-family: arial,helvetica,sans-serif; font-size: small;\">\u00a0<\/span><\/p>\n<p><span style=\"font-family: arial,helvetica,sans-serif; font-size: small;\">Dem Mario Merz Preis ist von der Fondazione Merz eingerichtet worden. Die Medaille ist vom Italienischen Staatspr\u00e4sidenten verliehen worden. Der 2003 verstorbene Mario Merz war ein italienischer K\u00fcnstler und Hauptvertreter der Arte Povera. <em>(cf)<\/em><\/span><\/p>\n","protected":false},"excerpt":{"rendered":"<p><span style=\"font-family: arial,helvetica,sans-serif; font-size: small;\">11.05.2015 &#8212; Der Luzerner Komponist Cyrill Sch\u00fcrch ist der erste Empf\u00e4nger des neu begr\u00fcndeten Mario-Merz-Preises in der Kategorie Musik. Der Preis wird auch f\u00fcr einen K\u00fcnstler vergeben. Der erste ist der \u00c4gypter\u00a0Wael Shawky.<\/span><\/p>\n","protected":false},"author":1,"featured_media":0,"comment_status":"open","ping_status":"open","sticky":false,"template":"","format":"standard","meta":{"footnotes":""},"categories":[2],"tags":[],"class_list":["post-2294","post","type-post","status-publish","format-standard","hentry","category-nachrichten","entry"],"_links":{"self":[{"href":"https:\/\/codexflores.ch\/index.php\/wp-json\/wp\/v2\/posts\/2294","targetHints":{"allow":["GET"]}}],"collection":[{"href":"https:\/\/codexflores.ch\/index.php\/wp-json\/wp\/v2\/posts"}],"about":[{"href":"https:\/\/codexflores.ch\/index.php\/wp-json\/wp\/v2\/types\/post"}],"author":[{"embeddable":true,"href":"https:\/\/codexflores.ch\/index.php\/wp-json\/wp\/v2\/users\/1"}],"replies":[{"embeddable":true,"href":"https:\/\/codexflores.ch\/index.php\/wp-json\/wp\/v2\/comments?post=2294"}],"version-history":[{"count":0,"href":"https:\/\/codexflores.ch\/index.php\/wp-json\/wp\/v2\/posts\/2294\/revisions"}],"wp:attachment":[{"href":"https:\/\/codexflores.ch\/index.php\/wp-json\/wp\/v2\/media?parent=2294"}],"wp:term":[{"taxonomy":"category","embeddable":true,"href":"https:\/\/codexflores.ch\/index.php\/wp-json\/wp\/v2\/categories?post=2294"},{"taxonomy":"post_tag","embeddable":true,"href":"https:\/\/codexflores.ch\/index.php\/wp-json\/wp\/v2\/tags?post=2294"}],"curies":[{"name":"wp","href":"https:\/\/api.w.org\/{rel}","templated":true}]}}