{"id":2295,"date":"2015-05-11T06:17:38","date_gmt":"2015-05-11T06:17:38","guid":{"rendered":"https:\/\/codexflores.ch\/index.php\/2015\/05\/11\/musikfestival-bern-sucht-mitsummchor-mitglieder\/"},"modified":"2015-05-11T06:17:38","modified_gmt":"2015-05-11T06:17:38","slug":"musikfestival-bern-sucht-mitsummchor-mitglieder","status":"publish","type":"post","link":"https:\/\/codexflores.ch\/index.php\/2015\/05\/11\/musikfestival-bern-sucht-mitsummchor-mitglieder\/","title":{"rendered":"Musikfestival Bern sucht Mitsummchor-Mitglieder"},"content":{"rendered":"<p><span style=\"font-family: arial,helvetica,sans-serif; font-size: small;\">11.05.2015 &#8212; F\u00fcr das Er\u00f6ffnungskonzert des Musikfestivals Bern 2015 am 3. September im Berner M\u00fcnster und am 9. September im Kongresshaus Biel werden singbegeisterte Damen und Herren gesucht.<\/span><\/p>\n<p><span style=\"font-family: arial,helvetica,sans-serif; font-size: small;\"><strong> 11.05.2015 &#8212; F\u00fcr das Er\u00f6ffnungskonzert des Musikfestivals Bern 2015 am 3. September im Berner M\u00fcnster und am 9. September im Kongresshaus Biel werden singbegeisterte Damen und Herren gesucht.<\/strong><\/span><\/p>\n<p><span style=\"font-family: arial,helvetica,sans-serif; font-size: small;\">\u00a0<\/span><\/p>\n<p><span style=\"font-family: arial,helvetica,sans-serif; font-size: small;\">Das Theater Orchester Biel Solothurn (TOBS) f\u00fchrt in dem Konzert unter der Leitung von Kaspar Zehnder die lange Zeit verschollene \u00abGenesis-Suite\u00bb, Resultat einer einmaligen Zusammenarbeit von Hollywood-Komponisten und Tonsch\u00f6pfern wie Igor Strawinsky und Arnold Sch\u00f6nberg, als Schweizer Erstauff\u00fchrung auf.<\/span><\/p>\n<p><span style=\"font-family: arial,helvetica,sans-serif; font-size: small;\">\u00a0<\/span><\/p>\n<p><span style=\"font-family: arial,helvetica,sans-serif; font-size: small;\">Die Suite f\u00fcr Sprecher, Chor und Orchester aus dem Friedensjahr 1945 fasst die biblische Sch\u00f6pfungsgeschichte, die Entstehung der Welt aus dem Chaos, die Geschichte um Kain und Abel, die Sintflut oder den Turmbau zu Babel in einen siebenteiligen Klangzyklus.<\/span><\/p>\n<p><span style=\"font-family: arial,helvetica,sans-serif; font-size: small;\">\u00a0<\/span><\/p>\n<p><span style=\"font-family: arial,helvetica,sans-serif; font-size: small;\">Die Chorstellen werden vom TOBS-Chor (Leitung Valentin Vassilev) gesungen, werden aber durch das Publikum verst\u00e4rkt. F\u00fcr diese r\u00e4umliche Verst\u00e4rkung (Mitsummchor) suchen das Festival Mitwirkende.<\/span><\/p>\n<p><span style=\"font-family: arial,helvetica,sans-serif; font-size: small;\"> <br \/><\/span><\/p>\n<p><span style=\"font-family: arial,helvetica,sans-serif; font-size: small;\">Teilnehmer wirken auch mit an den den Proben vom 27. August in Biel und 2. September in Bern (jeweils abends), Interssenten melden Sie sich bitte bis zum 29. Mai unter Angabe Ihrer Chorerfahrung bei: Marleen Tschopp (marleen.tschopp@tobs.ch oder Theater Orchester Biel Solothurn, Marleen Tschopp,<\/span><br \/><span style=\"font-family: arial,helvetica,sans-serif; font-size: small;\">Postfach 3216, CH-2500 Biel 3). <em>(cf)<\/em><\/span><\/p>\n","protected":false},"excerpt":{"rendered":"<p><span style=\"font-family: arial,helvetica,sans-serif; font-size: small;\">11.05.2015 &#8212; F\u00fcr das Er\u00f6ffnungskonzert des Musikfestivals Bern 2015 am 3. September im Berner M\u00fcnster und am 9. September im Kongresshaus Biel werden singbegeisterte Damen und Herren gesucht.<\/span><\/p>\n","protected":false},"author":1,"featured_media":0,"comment_status":"open","ping_status":"open","sticky":false,"template":"","format":"standard","meta":{"footnotes":""},"categories":[2],"tags":[],"class_list":["post-2295","post","type-post","status-publish","format-standard","hentry","category-nachrichten","entry"],"_links":{"self":[{"href":"https:\/\/codexflores.ch\/index.php\/wp-json\/wp\/v2\/posts\/2295","targetHints":{"allow":["GET"]}}],"collection":[{"href":"https:\/\/codexflores.ch\/index.php\/wp-json\/wp\/v2\/posts"}],"about":[{"href":"https:\/\/codexflores.ch\/index.php\/wp-json\/wp\/v2\/types\/post"}],"author":[{"embeddable":true,"href":"https:\/\/codexflores.ch\/index.php\/wp-json\/wp\/v2\/users\/1"}],"replies":[{"embeddable":true,"href":"https:\/\/codexflores.ch\/index.php\/wp-json\/wp\/v2\/comments?post=2295"}],"version-history":[{"count":0,"href":"https:\/\/codexflores.ch\/index.php\/wp-json\/wp\/v2\/posts\/2295\/revisions"}],"wp:attachment":[{"href":"https:\/\/codexflores.ch\/index.php\/wp-json\/wp\/v2\/media?parent=2295"}],"wp:term":[{"taxonomy":"category","embeddable":true,"href":"https:\/\/codexflores.ch\/index.php\/wp-json\/wp\/v2\/categories?post=2295"},{"taxonomy":"post_tag","embeddable":true,"href":"https:\/\/codexflores.ch\/index.php\/wp-json\/wp\/v2\/tags?post=2295"}],"curies":[{"name":"wp","href":"https:\/\/api.w.org\/{rel}","templated":true}]}}