{"id":2298,"date":"2015-05-12T05:46:23","date_gmt":"2015-05-12T05:46:23","guid":{"rendered":"https:\/\/codexflores.ch\/index.php\/2015\/05\/12\/von-salis-wohnsitz-wird-zum-festivalort\/"},"modified":"2015-05-12T05:46:23","modified_gmt":"2015-05-12T05:46:23","slug":"von-salis-wohnsitz-wird-zum-festivalort","status":"publish","type":"post","link":"https:\/\/codexflores.ch\/index.php\/2015\/05\/12\/von-salis-wohnsitz-wird-zum-festivalort\/","title":{"rendered":"Von-Salis-Wohnsitz wird zum Festivalort"},"content":{"rendered":"<p><span style=\"font-family: arial,helvetica,sans-serif; font-size: small;\">12.05.2015 &#8212; Schloss Brunegg im Kanton Aargau, bekannt als Wohnsitz des Historikers Jean Rudolf von Salis und literarisch verewigt im Roman \u00abBrunsleben\u00bb des Schriftstellers Hermann Burger, \u00f6ffnet erstmals seine Tore f\u00fcr die \u00d6ffentlichkeit. Anlass ist die erste Ausgabe des \u00abPfingstfestival Schloss Brunegg\u00bb.<\/span><\/p>\n<p><span style=\"font-family: arial,helvetica,sans-serif; font-size: small;\"><strong>12.05.2015 &#8212; Schloss Brunegg im Kanton Aargau, bekannt als Wohnsitz des Historikers Jean Rudolf von Salis und literarisch verewigt im Roman \u00abBrunsleben\u00bb des Schriftstellers Hermann Burger, \u00f6ffnet erstmals seine Tore f\u00fcr die \u00d6ffentlichkeit. Anlass ist die erste Ausgabe des \u00abPfingstfestival Schloss Brunegg\u00bb.<\/strong><\/span><\/p>\n<p><span style=\"font-family: arial,helvetica,sans-serif; font-size: small;\">\u00a0<\/span><\/p>\n<p><span style=\"font-family: arial,helvetica,sans-serif; font-size: small;\">Das Pfingstfestival dauert von 22. bis 25. Mai 2015\u00a0\u2013 unter der k\u00fcnstlerischen Leitung von Esther Hoppe und J\u00fcrg D\u00e4hler. Auf dem Programm stehen sechs Konzerte mit alter und neuester Kammermusik. Composer-in-Residence ist David Philip Hefti.\u00a0<\/span><\/p>\n<p>\u00a0<\/p>\n<p><span style=\"font-family: arial,helvetica,sans-serif; font-size: small;\"> Im Er\u00f6ffnungskonzert wird \u2013 erstmals \u00fcberhaupt in der Schweiz \u2013 Mozarts Geige zu h\u00f6ren sein. Die Violine, ein Instrument von Pietro Antonio Dalla Costa aus dem Jahr 1764, war nachweislich im Besitz des ber\u00fchmten Komponisten und wurde w\u00e4hrend seiner Wiener Zeit von ihm selber gespielt. Dank einer privaten G\u00f6nnerin ist die Costa-Violine seit kurzem im Besitz der Stiftung Mozarteum Salzburg. Mozarts Geige wird in diesem Konzert von Esther Hoppe gespielt. <em>(cf)<\/em> <\/span><\/p>\n<p>\u00a0<\/p>\n<p><span style=\"font-size: small; font-family: arial,helvetica,sans-serif;\"><strong> Mehr Infos:<\/strong> <strong><a href=\"http:\/\/www.festivalbrunegg.ch\">www.festivalbrunegg.ch<\/a><\/strong><\/span><\/p>\n<p><span style=\"font-family: arial,helvetica,sans-serif; font-size: small;\">\u00a0<\/span><\/p>\n","protected":false},"excerpt":{"rendered":"<p><span style=\"font-family: arial,helvetica,sans-serif; font-size: small;\">12.05.2015 &#8212; Schloss Brunegg im Kanton Aargau, bekannt als Wohnsitz des Historikers Jean Rudolf von Salis und literarisch verewigt im Roman \u00abBrunsleben\u00bb des Schriftstellers Hermann Burger, \u00f6ffnet erstmals seine Tore f\u00fcr die \u00d6ffentlichkeit. Anlass ist die erste Ausgabe des \u00abPfingstfestival Schloss Brunegg\u00bb.<\/span><\/p>\n","protected":false},"author":1,"featured_media":0,"comment_status":"open","ping_status":"open","sticky":false,"template":"","format":"standard","meta":{"footnotes":""},"categories":[2],"tags":[],"class_list":["post-2298","post","type-post","status-publish","format-standard","hentry","category-nachrichten","entry"],"_links":{"self":[{"href":"https:\/\/codexflores.ch\/index.php\/wp-json\/wp\/v2\/posts\/2298","targetHints":{"allow":["GET"]}}],"collection":[{"href":"https:\/\/codexflores.ch\/index.php\/wp-json\/wp\/v2\/posts"}],"about":[{"href":"https:\/\/codexflores.ch\/index.php\/wp-json\/wp\/v2\/types\/post"}],"author":[{"embeddable":true,"href":"https:\/\/codexflores.ch\/index.php\/wp-json\/wp\/v2\/users\/1"}],"replies":[{"embeddable":true,"href":"https:\/\/codexflores.ch\/index.php\/wp-json\/wp\/v2\/comments?post=2298"}],"version-history":[{"count":0,"href":"https:\/\/codexflores.ch\/index.php\/wp-json\/wp\/v2\/posts\/2298\/revisions"}],"wp:attachment":[{"href":"https:\/\/codexflores.ch\/index.php\/wp-json\/wp\/v2\/media?parent=2298"}],"wp:term":[{"taxonomy":"category","embeddable":true,"href":"https:\/\/codexflores.ch\/index.php\/wp-json\/wp\/v2\/categories?post=2298"},{"taxonomy":"post_tag","embeddable":true,"href":"https:\/\/codexflores.ch\/index.php\/wp-json\/wp\/v2\/tags?post=2298"}],"curies":[{"name":"wp","href":"https:\/\/api.w.org\/{rel}","templated":true}]}}