{"id":2300,"date":"2015-05-12T10:08:17","date_gmt":"2015-05-12T10:08:17","guid":{"rendered":"https:\/\/codexflores.ch\/index.php\/2015\/05\/12\/rapp-wird-rektorsamt-in-wien-nicht-antreten\/"},"modified":"2015-05-12T10:08:17","modified_gmt":"2015-05-12T10:08:17","slug":"rapp-wird-rektorsamt-in-wien-nicht-antreten","status":"publish","type":"post","link":"https:\/\/codexflores.ch\/index.php\/2015\/05\/12\/rapp-wird-rektorsamt-in-wien-nicht-antreten\/","title":{"rendered":"Rapp wird Rektorsamt in Wien nicht antreten"},"content":{"rendered":"<p><span style=\"font-family: arial,helvetica,sans-serif; font-size: small;\">12.05.2015 &#8212; Eklat in Wien: Regula Rapp, derzeit Rektorin der Musikhochschule in Stuttgart, habe sich \u00abunerwartet entschlossen, die Wahl zur neuen Rektorin der Universit\u00e4t f\u00fcr Musik und darstellende Kunst Wien\u00bb (mdw) auf Anfang Oktober dieses Jahres doch nicht anzunehmen, schreibt die Wiener Uni.<\/span><\/p>\n<p><span style=\"font-family: arial,helvetica,sans-serif; font-size: small;\"><strong>12.05.2015 &#8212; Eklat in Wien: Regula Rapp, derzeit Rektorin der Musikhochschule in Stuttgart, habe sich \u00abunerwartet entschlossen, die Wahl zur neuen Rektorin der Universit\u00e4t f\u00fcr Musik und darstellende Kunst Wien\u00bb (mdw) auf Anfang Oktober dieses Jahres doch nicht anzunehmen, schreibt die Wiener Uni.<\/strong><\/span><\/p>\n<p><span style=\"font-family: arial,helvetica,sans-serif; font-size: small;\">\u00a0<\/span><\/p>\n<p><span style=\"font-family: arial,helvetica,sans-serif; font-size: small;\">Rapp habe dies mit der Begr\u00fcndung getan, dass sie \u00abin ihren Gespr\u00e4chen, die sie in den letzten vier Wochen mit wichtigen Mitgliedern der mdw f\u00fchrte, den Eindruck gewann, nicht die notwendige Unterst\u00fctzung f\u00fcr ihre Rektorsarbeit zu erhalten\u00bb. Die Universit\u00e4t m\u00fcsse f\u00fcr eine zeitgem\u00e4sse L\u00f6sung auch innerlich reif sein.<\/span><\/p>\n<p><span style=\"font-family: arial,helvetica,sans-serif; font-size: small;\">\u00a0<\/span><\/p>\n<p><span style=\"font-family: arial,helvetica,sans-serif; font-size: small;\">Der Universit\u00e4tsrat der mdw bedauert offiziell sehr, dass sich Regula Rapp <span style=\"font-family: arial,helvetica,sans-serif; font-size: small;\">\u00ab<\/span>der Aufgabe doch nicht stellen wird &#8211; umso mehr, als die ersten Gespr\u00e4che von ihr mit Mitgliedern des Senats sehr vielversprechend geklungen h\u00e4tten und sie eine international erfahrene Rektorin sei<span style=\"font-family: arial,helvetica,sans-serif; font-size: small;\">\u00bb<\/span>.<\/span><\/p>\n<p><span style=\"font-family: arial,helvetica,sans-serif; font-size: small;\">\u00a0<\/span><\/p>\n<p><span style=\"font-family: arial,helvetica,sans-serif; font-size: small;\">Regual Rapp habe ihre Entscheidung schriftlich und endg\u00fcltig gegeben. Der Universit\u00e4tsrat der mdw wird sich daher \u00abso rasch wie m\u00f6glich mit dieser fundamentalen \u00c4nderung der Pr\u00e4missen f\u00fcr das neue Rektorat\u00bb befassen.<\/span><\/p>\n<p><span style=\"font-family: arial,helvetica,sans-serif; font-size: small;\">\u00a0<\/span><\/p>\n<p><span style=\"font-family: arial,helvetica,sans-serif; font-size: small;\">Damit ist bereits der zweite Rektorenwechsel einer \u00f6sterreichischen Kunstuni von Wirren begleitet. An der Kunstuni Graz trat der Deutsche Frank-Thomas Mitschke, der bereits als Rektor gew\u00e4hlt war, sein Amt \u00fcberraschend nicht an. Im Oktober vergangenen Jahres hat die geb\u00fcrtige Wienerin Elisabeth Freismuth in Graz das Amt \u00fcbernommen. <em>(cf)<\/em><\/span><\/p>\n","protected":false},"excerpt":{"rendered":"<p><span style=\"font-family: arial,helvetica,sans-serif; font-size: small;\">12.05.2015 &#8212; Eklat in Wien: Regula Rapp, derzeit Rektorin der Musikhochschule in Stuttgart, habe sich \u00abunerwartet entschlossen, die Wahl zur neuen Rektorin der Universit\u00e4t f\u00fcr Musik und darstellende Kunst Wien\u00bb (mdw) auf Anfang Oktober dieses Jahres doch nicht anzunehmen, schreibt die Wiener Uni.<\/span><\/p>\n","protected":false},"author":1,"featured_media":0,"comment_status":"open","ping_status":"open","sticky":false,"template":"","format":"standard","meta":{"footnotes":""},"categories":[2],"tags":[],"class_list":["post-2300","post","type-post","status-publish","format-standard","hentry","category-nachrichten","entry"],"_links":{"self":[{"href":"https:\/\/codexflores.ch\/index.php\/wp-json\/wp\/v2\/posts\/2300","targetHints":{"allow":["GET"]}}],"collection":[{"href":"https:\/\/codexflores.ch\/index.php\/wp-json\/wp\/v2\/posts"}],"about":[{"href":"https:\/\/codexflores.ch\/index.php\/wp-json\/wp\/v2\/types\/post"}],"author":[{"embeddable":true,"href":"https:\/\/codexflores.ch\/index.php\/wp-json\/wp\/v2\/users\/1"}],"replies":[{"embeddable":true,"href":"https:\/\/codexflores.ch\/index.php\/wp-json\/wp\/v2\/comments?post=2300"}],"version-history":[{"count":0,"href":"https:\/\/codexflores.ch\/index.php\/wp-json\/wp\/v2\/posts\/2300\/revisions"}],"wp:attachment":[{"href":"https:\/\/codexflores.ch\/index.php\/wp-json\/wp\/v2\/media?parent=2300"}],"wp:term":[{"taxonomy":"category","embeddable":true,"href":"https:\/\/codexflores.ch\/index.php\/wp-json\/wp\/v2\/categories?post=2300"},{"taxonomy":"post_tag","embeddable":true,"href":"https:\/\/codexflores.ch\/index.php\/wp-json\/wp\/v2\/tags?post=2300"}],"curies":[{"name":"wp","href":"https:\/\/api.w.org\/{rel}","templated":true}]}}