{"id":2307,"date":"2015-05-18T06:14:26","date_gmt":"2015-05-18T06:14:26","guid":{"rendered":"https:\/\/codexflores.ch\/index.php\/2015\/05\/18\/uneinigkeit-ueber-blunier-nachfolge-in-bonn\/"},"modified":"2015-05-18T06:14:26","modified_gmt":"2015-05-18T06:14:26","slug":"uneinigkeit-ueber-blunier-nachfolge-in-bonn","status":"publish","type":"post","link":"https:\/\/codexflores.ch\/index.php\/2015\/05\/18\/uneinigkeit-ueber-blunier-nachfolge-in-bonn\/","title":{"rendered":"Uneinigkeit \u00fcber Blunier-Nachfolge in Bonn"},"content":{"rendered":"<p><span style=\"font-family: arial,helvetica,sans-serif; font-size: small;\">18.05.2015 &#8212; Laut dem <em>General-Anzeiger Bonn<\/em> sind sich in Bonn die Musiker des Beethoven Orchesters und die Findungskommission auffallend uneinig \u00fcber die Nachfolge von Stefan Blunier als Generalmusikdirektor der Stadt.<\/span><\/p>\n<p><span style=\"font-family: arial,helvetica,sans-serif; font-size: small;\"><strong>18.05.2015 &#8212; Laut dem <em>General-Anzeiger Bonn<\/em> sind sich in Bonn die Musiker des Beethoven Orchesters und die Findungskommission auffallend uneinig \u00fcber die Nachfolge von Stefan Blunier als Generalmusikdirektor der Stadt.<\/strong><\/span><\/p>\n<p><span style=\"font-family: arial,helvetica,sans-serif; font-size: small;\">\u00a0<\/span><\/p>\n<p><span style=\"font-family: arial,helvetica,sans-serif; font-size: small;\">Die Findungskommission, bestehend aus Peter G\u00fclke, Nike Wagner (Beethovenfest) und Bernhard Helmich (Theater Bonn), pl\u00e4diert mehrheitlich f\u00fcr den Franzosen Marc Piollet, wobei sich G\u00fclke selber f\u00fcr Jun M\u00e4rkl starkmacht. Das Orchester hat sich mit einer 98-Prozent-Mehrheit f\u00fcr M\u00e4rkl entschieden. Dennoch will Martin Schumacher, der Kulturdezernent der Stadt, dem Rat der Stadt Piollet als Blunier-Nachfolger vorschlagen.<\/span><\/p>\n<p><span style=\"font-family: arial,helvetica,sans-serif; font-size: small;\">\u00a0<\/span><\/p>\n<p><span style=\"font-family: arial,helvetica,sans-serif; font-size: small;\">Formaljuristisch sei dies korrekt, zitiert die Zeitung G\u00fclke, weil \u00abdas Orchester in dem Findungsverfahren kein Stimmrecht habe, sondern nur als Berater der Kommission geh\u00f6rt werde\u00bb. Allerdings sei es fraglich, ob eine Zusammenrbeit zwischen neuem GMD und Orchester unter solchen Voraussetzungen auf gute Wege gebracht werden k\u00f6nnte. <em>(cf)<\/em> <\/span><\/p>\n<p>\u00a0<\/p>\n","protected":false},"excerpt":{"rendered":"<p><span style=\"font-family: arial,helvetica,sans-serif; font-size: small;\">18.05.2015 &#8212; Laut dem <em>General-Anzeiger Bonn<\/em> sind sich in Bonn die Musiker des Beethoven Orchesters und die Findungskommission auffallend uneinig \u00fcber die Nachfolge von Stefan Blunier als Generalmusikdirektor der Stadt.<\/span><\/p>\n","protected":false},"author":1,"featured_media":0,"comment_status":"open","ping_status":"open","sticky":false,"template":"","format":"standard","meta":{"footnotes":""},"categories":[2],"tags":[],"class_list":["post-2307","post","type-post","status-publish","format-standard","hentry","category-nachrichten","entry"],"_links":{"self":[{"href":"https:\/\/codexflores.ch\/index.php\/wp-json\/wp\/v2\/posts\/2307","targetHints":{"allow":["GET"]}}],"collection":[{"href":"https:\/\/codexflores.ch\/index.php\/wp-json\/wp\/v2\/posts"}],"about":[{"href":"https:\/\/codexflores.ch\/index.php\/wp-json\/wp\/v2\/types\/post"}],"author":[{"embeddable":true,"href":"https:\/\/codexflores.ch\/index.php\/wp-json\/wp\/v2\/users\/1"}],"replies":[{"embeddable":true,"href":"https:\/\/codexflores.ch\/index.php\/wp-json\/wp\/v2\/comments?post=2307"}],"version-history":[{"count":0,"href":"https:\/\/codexflores.ch\/index.php\/wp-json\/wp\/v2\/posts\/2307\/revisions"}],"wp:attachment":[{"href":"https:\/\/codexflores.ch\/index.php\/wp-json\/wp\/v2\/media?parent=2307"}],"wp:term":[{"taxonomy":"category","embeddable":true,"href":"https:\/\/codexflores.ch\/index.php\/wp-json\/wp\/v2\/categories?post=2307"},{"taxonomy":"post_tag","embeddable":true,"href":"https:\/\/codexflores.ch\/index.php\/wp-json\/wp\/v2\/tags?post=2307"}],"curies":[{"name":"wp","href":"https:\/\/api.w.org\/{rel}","templated":true}]}}