{"id":2309,"date":"2015-05-19T06:04:53","date_gmt":"2015-05-19T06:04:53","guid":{"rendered":"https:\/\/codexflores.ch\/index.php\/2015\/05\/19\/musikdirektor-von-radio-france-gefeuert\/"},"modified":"2015-05-19T06:04:53","modified_gmt":"2015-05-19T06:04:53","slug":"musikdirektor-von-radio-france-gefeuert","status":"publish","type":"post","link":"https:\/\/codexflores.ch\/index.php\/2015\/05\/19\/musikdirektor-von-radio-france-gefeuert\/","title":{"rendered":"Musikdirektor von Radio France gefeuert"},"content":{"rendered":"<p><span style=\"font-family: arial,helvetica,sans-serif; font-size: small;\">19.05.2015 &#8212; Jean-Pierre Rousseau, der Direktor der Musikabteilung von Radio France, verl\u00e4sst seinen Posten per sofort. Laut dem luxemburgischen Fachmagazin <em>Pizzicato<\/em> ist er gefeuert worden.<\/span><\/p>\n<p><span style=\"font-family: arial,helvetica,sans-serif; font-size: small;\"><strong>19.05.2015 &#8212;\u00a0<span style=\"font-family: arial,helvetica,sans-serif; font-size: small;\">Jean-Pierre Rousseau, der Direktor der Musikabteilung von Radio France, verl\u00e4sst seinen Posten per sofort. Laut dem luxemburgischen Fachmagazin <em>Pizzicato<\/em> ist er gefeuert worden.<\/span><\/strong><\/span><\/p>\n<p>\u00a0<\/p>\n<p><span style=\"font-family: arial,helvetica,sans-serif; font-size: small;\">Rousseau war erst ein Jahr im Amt. Er blebt dieses Jahr noch Direktor des Festivals Radio France \u2013 Montpellier Languedoc-Roussillon. <span style=\"font-family: arial,helvetica,sans-serif; font-size: small;\">Rousseaus andere Aufgaben \u00fcbernmimmt per sofort seine Stellvertreterin B\u00e9r\u00e9nice Ravache.<\/span> Die Trennung von Rousseau folgt bei Radio France auf grosse Unruhen beim Sender, die in Streiks gipfelten. <\/span><\/p>\n<p>\u00a0<\/p>\n<div class=\"copy-paste-block\"><span style=\"font-family: arial,helvetica,sans-serif; font-size: small;\">Der Personalentscheid hatte sich bereits fr\u00fcher abgezeichnet. So bezeichnete Jean-Paul Quennesson, der Delegierte der S\u00fcdregion von Radio France und Hornist im Orchestre national, in der Zeitung <em>Le Monde<\/em> anfangs Mai Rouseseaus Direktionszeit als \u00abtotales Fiasko<em>\u00bb<\/em>. <em>(cf)<\/em><\/span><\/div>\n<p>\u00a0<\/p>\n<p>\u00a0<\/p>\n","protected":false},"excerpt":{"rendered":"<p><span style=\"font-family: arial,helvetica,sans-serif; font-size: small;\">19.05.2015 &#8212; Jean-Pierre Rousseau, der Direktor der Musikabteilung von Radio France, verl\u00e4sst seinen Posten per sofort. Laut dem luxemburgischen Fachmagazin <em>Pizzicato<\/em> ist er gefeuert worden.<\/span><\/p>\n","protected":false},"author":1,"featured_media":0,"comment_status":"open","ping_status":"open","sticky":false,"template":"","format":"standard","meta":{"footnotes":""},"categories":[2],"tags":[],"class_list":["post-2309","post","type-post","status-publish","format-standard","hentry","category-nachrichten","entry"],"_links":{"self":[{"href":"https:\/\/codexflores.ch\/index.php\/wp-json\/wp\/v2\/posts\/2309","targetHints":{"allow":["GET"]}}],"collection":[{"href":"https:\/\/codexflores.ch\/index.php\/wp-json\/wp\/v2\/posts"}],"about":[{"href":"https:\/\/codexflores.ch\/index.php\/wp-json\/wp\/v2\/types\/post"}],"author":[{"embeddable":true,"href":"https:\/\/codexflores.ch\/index.php\/wp-json\/wp\/v2\/users\/1"}],"replies":[{"embeddable":true,"href":"https:\/\/codexflores.ch\/index.php\/wp-json\/wp\/v2\/comments?post=2309"}],"version-history":[{"count":0,"href":"https:\/\/codexflores.ch\/index.php\/wp-json\/wp\/v2\/posts\/2309\/revisions"}],"wp:attachment":[{"href":"https:\/\/codexflores.ch\/index.php\/wp-json\/wp\/v2\/media?parent=2309"}],"wp:term":[{"taxonomy":"category","embeddable":true,"href":"https:\/\/codexflores.ch\/index.php\/wp-json\/wp\/v2\/categories?post=2309"},{"taxonomy":"post_tag","embeddable":true,"href":"https:\/\/codexflores.ch\/index.php\/wp-json\/wp\/v2\/tags?post=2309"}],"curies":[{"name":"wp","href":"https:\/\/api.w.org\/{rel}","templated":true}]}}