{"id":2311,"date":"2015-05-20T05:28:57","date_gmt":"2015-05-20T05:28:57","guid":{"rendered":"https:\/\/codexflores.ch\/index.php\/2015\/05\/20\/innsbruck-erhaelt-ein-haus-der-musik\/"},"modified":"2015-05-20T05:28:57","modified_gmt":"2015-05-20T05:28:57","slug":"innsbruck-erhaelt-ein-haus-der-musik","status":"publish","type":"post","link":"https:\/\/codexflores.ch\/index.php\/2015\/05\/20\/innsbruck-erhaelt-ein-haus-der-musik\/","title":{"rendered":"Innsbruck erh\u00e4lt ein Haus der Musik"},"content":{"rendered":"<p><span style=\"font-family: arial,helvetica,sans-serif; font-size: small;\">20.05.2015 &#8212; An der Stelle der in die Jahre gekommenen Innsbrucker Stadts\u00e4le wird in der Tiroler Landeshauptstadt ein Haus der Musik geplant, das die Musikeinrichtungen von Stadt, Land und Bund sowie die Kammerspiele unter einem Dach vereinen soll.<\/span><\/p>\n<p><span style=\"font-family: arial,helvetica,sans-serif; font-size: small;\"><strong>20.05.2015 &#8212; An der Stelle der in die Jahre gekommenen Innsbrucker Stadts\u00e4le wird in der Tiroler Landeshauptstadt ein Haus der Musik geplant, das die Musikeinrichtungen von Stadt, Land und Bund sowie die Kammerspiele unter einem Dach vereinen soll.<\/strong><\/span><\/p>\n<p><span style=\"font-family: arial,helvetica,sans-serif; font-size: small;\">\u00a0<\/span><\/p>\n<p><span style=\"font-family: arial,helvetica,sans-serif; font-size: small;\">Das Projekt Haus der Musik wurde laut der Mitteilung der Tiroler Landesregierung in den vergangenen Jahren mehrmals \u00fcberarbeitet und vereint nun auf einer Nutzfl\u00e4che von mehr als 13&#8217;000 Quadratmetern Veranstaltungs-, Probe-, Unterrichts- und Bibliotheksr\u00e4ume f\u00fcr das Tiroler Symphonieorchester Innsbruck, das Institut f\u00fcr Musikwissenschaften, das Mozarteum und das Landeskonservatorium. Neben den Kammerspielen finden auch die Festwochen der Alten Musik und die Musikverb\u00e4nde des Landes Platz im neuen Haus der Musik.<\/span><\/p>\n<p>\u00a0<\/p>\n<p><span style=\"font-family: arial,helvetica,sans-serif; font-size: small;\">Das Haus soll 2018 bezugsbereit sein und insgesamt 55,64 Millionen Euro kosten. Die Tiroler Landesregierung hat einen Finanzierungsbeitrag von maximal 23,63 Millionen Euro beschlossen. Die Stadt Innsbruck leistet einen Beitrag von 23,01 Millionen Euro f\u00fcr die Errichtung, der Bund \u00fcbernimmt neun Millionen Euro. <em>(cf)\u00a0<\/em> <\/span><\/p>\n","protected":false},"excerpt":{"rendered":"<p><span style=\"font-family: arial,helvetica,sans-serif; font-size: small;\">20.05.2015 &#8212; An der Stelle der in die Jahre gekommenen Innsbrucker Stadts\u00e4le wird in der Tiroler Landeshauptstadt ein Haus der Musik geplant, das die Musikeinrichtungen von Stadt, Land und Bund sowie die Kammerspiele unter einem Dach vereinen soll.<\/span><\/p>\n","protected":false},"author":1,"featured_media":0,"comment_status":"open","ping_status":"open","sticky":false,"template":"","format":"standard","meta":{"footnotes":""},"categories":[2],"tags":[],"class_list":["post-2311","post","type-post","status-publish","format-standard","hentry","category-nachrichten","entry"],"_links":{"self":[{"href":"https:\/\/codexflores.ch\/index.php\/wp-json\/wp\/v2\/posts\/2311","targetHints":{"allow":["GET"]}}],"collection":[{"href":"https:\/\/codexflores.ch\/index.php\/wp-json\/wp\/v2\/posts"}],"about":[{"href":"https:\/\/codexflores.ch\/index.php\/wp-json\/wp\/v2\/types\/post"}],"author":[{"embeddable":true,"href":"https:\/\/codexflores.ch\/index.php\/wp-json\/wp\/v2\/users\/1"}],"replies":[{"embeddable":true,"href":"https:\/\/codexflores.ch\/index.php\/wp-json\/wp\/v2\/comments?post=2311"}],"version-history":[{"count":0,"href":"https:\/\/codexflores.ch\/index.php\/wp-json\/wp\/v2\/posts\/2311\/revisions"}],"wp:attachment":[{"href":"https:\/\/codexflores.ch\/index.php\/wp-json\/wp\/v2\/media?parent=2311"}],"wp:term":[{"taxonomy":"category","embeddable":true,"href":"https:\/\/codexflores.ch\/index.php\/wp-json\/wp\/v2\/categories?post=2311"},{"taxonomy":"post_tag","embeddable":true,"href":"https:\/\/codexflores.ch\/index.php\/wp-json\/wp\/v2\/tags?post=2311"}],"curies":[{"name":"wp","href":"https:\/\/api.w.org\/{rel}","templated":true}]}}