{"id":2312,"date":"2015-05-20T05:47:30","date_gmt":"2015-05-20T05:47:30","guid":{"rendered":"https:\/\/codexflores.ch\/index.php\/2015\/05\/20\/warnstreik-deutscher-orchester-und-theater\/"},"modified":"2015-05-20T05:47:30","modified_gmt":"2015-05-20T05:47:30","slug":"warnstreik-deutscher-orchester-und-theater","status":"publish","type":"post","link":"https:\/\/codexflores.ch\/index.php\/2015\/05\/20\/warnstreik-deutscher-orchester-und-theater\/","title":{"rendered":"Warnstreik deutscher Orchester und Theater"},"content":{"rendered":"<p><span style=\"font-family: arial,helvetica,sans-serif; font-size: small;\">20.05.2015 &#8212; Vor einer heutigen Runde von Tarifverhandlungen sind Orchester und B\u00fchnenk\u00fcnstler im gesamten Bundesgebiet Deutschlands in Warnstreiks getreten.<\/span><\/p>\n<p><span style=\"font-family: arial,helvetica,sans-serif; font-size: small;\"><strong>20.05.2015 &#8212; Vor einer heutigen Runde von Tarifverhandlungen sind Orchester und B\u00fchnenk\u00fcnstler im gesamten Bundesgebiet Deutschlands in Warnstreiks getreten.<\/strong><\/span><\/p>\n<p>\u00a0<\/p>\n<p><span style=\"font-family: arial,helvetica,sans-serif; font-size: small;\">Unter anderem in Frankfurt\/Main, N\u00fcrnberg, Kassel, Leipzig, Giessen, Halle, Reutlingen und M\u00fcnster verz\u00f6gerten Orchester und Ensembles, deren Rechtstr\u00e4ger Mitglied im Deutschen B\u00fchnenverein sind, angesetzte Proben bis zu einer halben Stunde und arbeiteten die ausgefallene Zeit nicht nach, schreibt die Deutsche Orchestervereinigung (DOV). <\/span><\/p>\n<p>\u00a0<\/p>\n<p><span style=\"font-family: arial,helvetica,sans-serif; font-size: small;\">Hintergrund der Streikmassnahmen sei \u00abdie Weigerung der Arbeitgeberseite, die Lohntarifverhandlungen f\u00fcr das Jahr 2015 mit den K\u00fcnstlergewerkschaften g\u00fctlich abzuschliessen\u00bb. Tarifvertraglich ist festgelegt, dass sie auf Basis der Ergebnisse des \u00f6ffentlichen Dienstes erfolgen. <\/span><\/p>\n<p>\u00a0<\/p>\n<p><span style=\"font-family: arial,helvetica,sans-serif; font-size: small;\">Der Deutsche B\u00fchnenverein habe die Verhandlungen beim letzten Gespr\u00e4ch allerdings scheitern lassen, schreibt die DOV weiter. Betroffene K\u00fcnstlergewerkschaften sind die Deutsche Orchestervereinigung (DOV), die Genossenschaft Deutscher B\u00fchnen-Angeh\u00f6riger (GDBA) und die Vereinigung deutscher Opernch\u00f6re und B\u00fchnent\u00e4nzer (VdO). <em>(cf)<\/em><\/span><\/p>\n<p><span style=\"font-family: arial,helvetica,sans-serif; font-size: small;\"><strong><br \/><\/strong><\/span><\/p>\n<p>\u00a0<\/p>\n","protected":false},"excerpt":{"rendered":"<p><span style=\"font-family: arial,helvetica,sans-serif; font-size: small;\">20.05.2015 &#8212; Vor einer heutigen Runde von Tarifverhandlungen sind Orchester und B\u00fchnenk\u00fcnstler im gesamten Bundesgebiet Deutschlands in Warnstreiks getreten.<\/span><\/p>\n","protected":false},"author":1,"featured_media":0,"comment_status":"open","ping_status":"open","sticky":false,"template":"","format":"standard","meta":{"footnotes":""},"categories":[2],"tags":[],"class_list":["post-2312","post","type-post","status-publish","format-standard","hentry","category-nachrichten","entry"],"_links":{"self":[{"href":"https:\/\/codexflores.ch\/index.php\/wp-json\/wp\/v2\/posts\/2312","targetHints":{"allow":["GET"]}}],"collection":[{"href":"https:\/\/codexflores.ch\/index.php\/wp-json\/wp\/v2\/posts"}],"about":[{"href":"https:\/\/codexflores.ch\/index.php\/wp-json\/wp\/v2\/types\/post"}],"author":[{"embeddable":true,"href":"https:\/\/codexflores.ch\/index.php\/wp-json\/wp\/v2\/users\/1"}],"replies":[{"embeddable":true,"href":"https:\/\/codexflores.ch\/index.php\/wp-json\/wp\/v2\/comments?post=2312"}],"version-history":[{"count":0,"href":"https:\/\/codexflores.ch\/index.php\/wp-json\/wp\/v2\/posts\/2312\/revisions"}],"wp:attachment":[{"href":"https:\/\/codexflores.ch\/index.php\/wp-json\/wp\/v2\/media?parent=2312"}],"wp:term":[{"taxonomy":"category","embeddable":true,"href":"https:\/\/codexflores.ch\/index.php\/wp-json\/wp\/v2\/categories?post=2312"},{"taxonomy":"post_tag","embeddable":true,"href":"https:\/\/codexflores.ch\/index.php\/wp-json\/wp\/v2\/tags?post=2312"}],"curies":[{"name":"wp","href":"https:\/\/api.w.org\/{rel}","templated":true}]}}