{"id":2315,"date":"2015-05-21T06:30:00","date_gmt":"2015-05-21T06:30:00","guid":{"rendered":"https:\/\/codexflores.ch\/index.php\/2015\/05\/21\/einigung-im-deutschen-kuenstler-tarifstreit\/"},"modified":"2015-05-21T06:30:00","modified_gmt":"2015-05-21T06:30:00","slug":"einigung-im-deutschen-kuenstler-tarifstreit","status":"publish","type":"post","link":"https:\/\/codexflores.ch\/index.php\/2015\/05\/21\/einigung-im-deutschen-kuenstler-tarifstreit\/","title":{"rendered":"Einigung im deutschen K\u00fcnstler-Tarifstreit"},"content":{"rendered":"<p><span style=\"font-family: arial,helvetica,sans-serif; font-size: small;\">21.05.2015 &#8212; Der Deutsche B\u00fchnenverein und die K\u00fcnstlergewerkschaften GDBA, VdO und DOV haben sich auf Gagenerh\u00f6hungen f\u00fcr die k\u00fcnstlerischen Mitarbeiter der Stadttheater, Staatstheater und Landesb\u00fchnen sowie f\u00fcr die Musiker der Orchester verst\u00e4ndigt.<\/span><\/p>\n<p><strong><span style=\"font-family: arial,helvetica,sans-serif; font-size: small;\">21.05.2015 &#8212; Der Deutsche B\u00fchnenverein und die K\u00fcnstlergewerkschaften GDBA, VdO und DOV haben sich auf Gagenerh\u00f6hungen f\u00fcr die k\u00fcnstlerischen Mitarbeiter der Stadttheater, Staatstheater und Landesb\u00fchnen sowie f\u00fcr die Musiker der Orchester verst\u00e4ndigt.<\/span><\/strong><\/p>\n<p>\u00a0<\/p>\n<p><span style=\"font-family: arial,helvetica,sans-serif; font-size: small;\">F\u00fcr die Einrichtungen der L\u00e4nder einigten sich die Tarifparteien laut einer offiziellen Mitteilung des B\u00fchnenvereins auf 2,1 Prozent mehr Lohn ab 1. M\u00e4rz 2015. Die Lohnerh\u00f6hung an kommunalen Theatern und Orchestern steigen zum selben Zeitpunkt um 2,4 Prozent. Der Tarifabschluss orientiert sich wie \u00fcblich an den Lohnerh\u00f6hungen f\u00fcr den \u00f6ffentlichen Dienst. Diese fallen bei L\u00e4ndern und Kommunen meist unterschiedlich aus.<\/span><\/p>\n<p>\u00a0<\/p>\n<p><span style=\"font-family: arial,helvetica,sans-serif; font-size: small;\">Die Warnstreiks der letzten Tage (Codx flores <a href=\"http:\/\/www.codexflores.ch\/index.php\/component\/content\/article\/2-nachrichten\/2310-warnstreik-deutscher-orchester-und-theater\">berichtete<\/a>) seien \u00abv\u00f6llig \u00fcberfl\u00fcssig\u00bb gewesen, erkl\u00e4rt Rolf Bolwin, der Direktor des B\u00fchnenvereins. Die Lohnerh\u00f6hung seien nie zur Diskussion gestanden. <em>(cf)<\/em><\/span><\/p>\n","protected":false},"excerpt":{"rendered":"<p><span style=\"font-family: arial,helvetica,sans-serif; font-size: small;\">21.05.2015 &#8212; Der Deutsche B\u00fchnenverein und die K\u00fcnstlergewerkschaften GDBA, VdO und DOV haben sich auf Gagenerh\u00f6hungen f\u00fcr die k\u00fcnstlerischen Mitarbeiter der Stadttheater, Staatstheater und Landesb\u00fchnen sowie f\u00fcr die Musiker der Orchester verst\u00e4ndigt.<\/span><\/p>\n","protected":false},"author":1,"featured_media":0,"comment_status":"open","ping_status":"open","sticky":false,"template":"","format":"standard","meta":{"footnotes":""},"categories":[2],"tags":[],"class_list":["post-2315","post","type-post","status-publish","format-standard","hentry","category-nachrichten","entry"],"_links":{"self":[{"href":"https:\/\/codexflores.ch\/index.php\/wp-json\/wp\/v2\/posts\/2315","targetHints":{"allow":["GET"]}}],"collection":[{"href":"https:\/\/codexflores.ch\/index.php\/wp-json\/wp\/v2\/posts"}],"about":[{"href":"https:\/\/codexflores.ch\/index.php\/wp-json\/wp\/v2\/types\/post"}],"author":[{"embeddable":true,"href":"https:\/\/codexflores.ch\/index.php\/wp-json\/wp\/v2\/users\/1"}],"replies":[{"embeddable":true,"href":"https:\/\/codexflores.ch\/index.php\/wp-json\/wp\/v2\/comments?post=2315"}],"version-history":[{"count":0,"href":"https:\/\/codexflores.ch\/index.php\/wp-json\/wp\/v2\/posts\/2315\/revisions"}],"wp:attachment":[{"href":"https:\/\/codexflores.ch\/index.php\/wp-json\/wp\/v2\/media?parent=2315"}],"wp:term":[{"taxonomy":"category","embeddable":true,"href":"https:\/\/codexflores.ch\/index.php\/wp-json\/wp\/v2\/categories?post=2315"},{"taxonomy":"post_tag","embeddable":true,"href":"https:\/\/codexflores.ch\/index.php\/wp-json\/wp\/v2\/tags?post=2315"}],"curies":[{"name":"wp","href":"https:\/\/api.w.org\/{rel}","templated":true}]}}