{"id":2317,"date":"2015-05-22T05:24:51","date_gmt":"2015-05-22T05:24:51","guid":{"rendered":"https:\/\/codexflores.ch\/index.php\/2015\/05\/22\/eberhard-weber-erhaelt-echo-jazz-fuer-sein-lebenswerk\/"},"modified":"2015-05-22T05:24:51","modified_gmt":"2015-05-22T05:24:51","slug":"eberhard-weber-erhaelt-echo-jazz-fuer-sein-lebenswerk","status":"publish","type":"post","link":"https:\/\/codexflores.ch\/index.php\/2015\/05\/22\/eberhard-weber-erhaelt-echo-jazz-fuer-sein-lebenswerk\/","title":{"rendered":"Eberhard Weber erh\u00e4lt Echo Jazz f\u00fcr sein Lebenswerk"},"content":{"rendered":"<p><span style=\"font-family: arial,helvetica,sans-serif; font-size: small;\">22.05.2015 &#8212; Der Bassist Eberhard Weber erh\u00e4lt in diesem Jahr den Echo Jazz f\u00fcr sein Lebenswerk. Das Eva Klesse Quartett ist bei der diesj\u00e4hrigen Verleihung des Branchenpreises Newcomer des Jahres.<\/span><\/p>\n<p><span style=\"font-family: arial,helvetica,sans-serif; font-size: small;\"><strong>22.05.2015 &#8212; Der Bassist Eberhard Weber erh\u00e4lt in diesem Jahr den Echo Jazz f\u00fcr sein Lebenswerk. Das Eva Klesse Quartett ist bei der diesj\u00e4hrigen Verleihung des Branchenpreises Newcomer des Jahres.<\/strong><\/span><\/p>\n<p><span style=\"font-family: arial,helvetica,sans-serif; font-size: small;\">\u00a0<\/span><\/p>\n<p><span style=\"font-family: arial,helvetica,sans-serif; font-size: small;\">Seit den Sechzigerjahren habe sich Weber zu einem stilpr\u00e4genden Individualisten seines Instrumentes entwickelt. Vom United Jazz &amp; Rock Ensemble \u00fcber die langj\u00e4hrige Arbeit mit dem Saxophonisten Jan Garbarek bis hin zu eigenen Projekten habe er am eigens konstruierten F\u00fcnfsaiter die Vorstellung eines zugleich kantablen, atmosph\u00e4rischen und virtuosen Spiels mit markantem kompaktem Sound gepr\u00e4gt, so das offizielle Statement der Jury.<\/span><\/p>\n<p><span style=\"font-family: arial,helvetica,sans-serif; font-size: small;\">\u00a0<\/span><\/p>\n<p><span style=\"font-family: arial,helvetica,sans-serif; font-size: small;\">Die 1986 geborene Schlagzeugerin und Komponistin Eva Klesse studierte in Leipzig, Weimar, Paris und New York; gemeinsam mit ihrem aus Evgeny Ring (Saxophon), Philip Frischkorn (Piano) und Robert Lucaciu (Bass) bestehenden Quartett wird sie von der Jury mit dem Echo Jazz 2015 als Newcomer des Jahres ausgezeichnet. <em>(cf)<\/em> <\/span><\/p>\n<p><span style=\"font-family: arial,helvetica,sans-serif; font-size: small;\">\u00a0<\/span><\/p>\n","protected":false},"excerpt":{"rendered":"<p><span style=\"font-family: arial,helvetica,sans-serif; font-size: small;\">22.05.2015 &#8212; Der Bassist Eberhard Weber erh\u00e4lt in diesem Jahr den Echo Jazz f\u00fcr sein Lebenswerk. Das Eva Klesse Quartett ist bei der diesj\u00e4hrigen Verleihung des Branchenpreises Newcomer des Jahres.<\/span><\/p>\n","protected":false},"author":1,"featured_media":0,"comment_status":"open","ping_status":"open","sticky":false,"template":"","format":"standard","meta":{"footnotes":""},"categories":[2],"tags":[],"class_list":["post-2317","post","type-post","status-publish","format-standard","hentry","category-nachrichten","entry"],"_links":{"self":[{"href":"https:\/\/codexflores.ch\/index.php\/wp-json\/wp\/v2\/posts\/2317","targetHints":{"allow":["GET"]}}],"collection":[{"href":"https:\/\/codexflores.ch\/index.php\/wp-json\/wp\/v2\/posts"}],"about":[{"href":"https:\/\/codexflores.ch\/index.php\/wp-json\/wp\/v2\/types\/post"}],"author":[{"embeddable":true,"href":"https:\/\/codexflores.ch\/index.php\/wp-json\/wp\/v2\/users\/1"}],"replies":[{"embeddable":true,"href":"https:\/\/codexflores.ch\/index.php\/wp-json\/wp\/v2\/comments?post=2317"}],"version-history":[{"count":0,"href":"https:\/\/codexflores.ch\/index.php\/wp-json\/wp\/v2\/posts\/2317\/revisions"}],"wp:attachment":[{"href":"https:\/\/codexflores.ch\/index.php\/wp-json\/wp\/v2\/media?parent=2317"}],"wp:term":[{"taxonomy":"category","embeddable":true,"href":"https:\/\/codexflores.ch\/index.php\/wp-json\/wp\/v2\/categories?post=2317"},{"taxonomy":"post_tag","embeddable":true,"href":"https:\/\/codexflores.ch\/index.php\/wp-json\/wp\/v2\/tags?post=2317"}],"curies":[{"name":"wp","href":"https:\/\/api.w.org\/{rel}","templated":true}]}}