{"id":2318,"date":"2015-05-22T05:34:21","date_gmt":"2015-05-22T05:34:21","guid":{"rendered":"https:\/\/codexflores.ch\/index.php\/2015\/05\/22\/vermittlungsprojekt-uebersteigt-generationengrenzen\/"},"modified":"2015-05-22T05:34:21","modified_gmt":"2015-05-22T05:34:21","slug":"vermittlungsprojekt-uebersteigt-generationengrenzen","status":"publish","type":"post","link":"https:\/\/codexflores.ch\/index.php\/2015\/05\/22\/vermittlungsprojekt-uebersteigt-generationengrenzen\/","title":{"rendered":"Vermittlungsprojekt \u00fcbersteigt Generationengrenzen"},"content":{"rendered":"<p><span style=\"font-family: arial,helvetica,sans-serif; font-size: small;\">22.05.2015 &#8212; Im Rahmen seines 175-j\u00e4hrigen Jubil\u00e4ums hat das Luzerner Theater zusammen mit Pro Senectute Kanton Luzern und demKulturzentrum S\u00fcdpol Luzern mit \u00ab3FEETS\u00bb ein ungew\u00f6hnliches Tanzvermittlungsprojekt ins Leben gerufen. Es adressierte neben Jugendlichen auch <span style=\"font-family: arial,helvetica,sans-serif; font-size: small;\">Seniorinnen und Senioren<\/span>.<\/span><\/p>\n<p><span style=\"font-family: arial,helvetica,sans-serif; font-size: small;\"><strong><span style=\"font-family: arial,helvetica,sans-serif; font-size: small;\">22.05.2015 &#8212; Im Rahmen seines 175-j\u00e4hrigen Jubil\u00e4ums hat das Luzerner Theater zusammen mit Pro Senectute Kanton Luzern und demKulturzentrum S\u00fcdpol Luzern mit \u00ab3FEETS\u00bb ein ungew\u00f6hnliches Tanzvermittlungsprojekt ins Leben gerufen. Es adressierte neben Jugendlichen auch <span style=\"font-family: arial,helvetica,sans-serif; font-size: small;\">Seniorinnen und Senioren<\/span>.<\/span><br \/><\/strong><\/span><\/p>\n<p>\u00a0<\/p>\n<p align=\"left\"><span style=\"font-family: arial,helvetica,sans-serif; font-size: small;\">Sieben Kinder aus unterschiedlichen Schulkassen und 14 \u00dcber-60-j\u00e4hrige wirkten mit. Den Schulgruppen standen T\u00e4nzerinnen und T\u00e4nzer von \u00abTanz Luzerner Theater\u00bb als Coaches zur Verf\u00fcgung. Die mitwirkenden Seniorinnen und Senioren sind Teil von \u00abShall We Dance?\u00bb, einem gemeinsamen Tanzangebot von \u00abTanz Luzerner Theater\u00bb und Pro Senectute Kanton Luzern unter der Leitung von Kathleen McNurney. <\/span><\/p>\n<p align=\"left\">\u00a0<\/p>\n<p align=\"left\"><span style=\"font-family: arial,helvetica,sans-serif; font-size: small;\">Die Choreografin Nicole Seiler entwickelte eine Arbeit, die auf dem spielerischen Umgang mit Bild und Ton, mit geschriebenem Wort und getanzter Bewegung basiert. Die gr\u00f6sste Herausforderung sei dabei gewesen, auf die verschiedenen Bed\u00fcrfnissen der Senioren als auch der Sch\u00fcler einzugehen, erkl\u00e4rt sie. <em>(cf) <\/em><\/span><\/p>\n","protected":false},"excerpt":{"rendered":"<p><span style=\"font-family: arial,helvetica,sans-serif; font-size: small;\">22.05.2015 &#8212; Im Rahmen seines 175-j\u00e4hrigen Jubil\u00e4ums hat das Luzerner Theater zusammen mit Pro Senectute Kanton Luzern und demKulturzentrum S\u00fcdpol Luzern mit \u00ab3FEETS\u00bb ein ungew\u00f6hnliches Tanzvermittlungsprojekt ins Leben gerufen. Es adressierte neben Jugendlichen auch <span style=\"font-family: arial,helvetica,sans-serif; font-size: small;\">Seniorinnen und Senioren<\/span>.<\/span><\/p>\n","protected":false},"author":1,"featured_media":0,"comment_status":"open","ping_status":"open","sticky":false,"template":"","format":"standard","meta":{"footnotes":""},"categories":[2],"tags":[],"class_list":["post-2318","post","type-post","status-publish","format-standard","hentry","category-nachrichten","entry"],"_links":{"self":[{"href":"https:\/\/codexflores.ch\/index.php\/wp-json\/wp\/v2\/posts\/2318","targetHints":{"allow":["GET"]}}],"collection":[{"href":"https:\/\/codexflores.ch\/index.php\/wp-json\/wp\/v2\/posts"}],"about":[{"href":"https:\/\/codexflores.ch\/index.php\/wp-json\/wp\/v2\/types\/post"}],"author":[{"embeddable":true,"href":"https:\/\/codexflores.ch\/index.php\/wp-json\/wp\/v2\/users\/1"}],"replies":[{"embeddable":true,"href":"https:\/\/codexflores.ch\/index.php\/wp-json\/wp\/v2\/comments?post=2318"}],"version-history":[{"count":0,"href":"https:\/\/codexflores.ch\/index.php\/wp-json\/wp\/v2\/posts\/2318\/revisions"}],"wp:attachment":[{"href":"https:\/\/codexflores.ch\/index.php\/wp-json\/wp\/v2\/media?parent=2318"}],"wp:term":[{"taxonomy":"category","embeddable":true,"href":"https:\/\/codexflores.ch\/index.php\/wp-json\/wp\/v2\/categories?post=2318"},{"taxonomy":"post_tag","embeddable":true,"href":"https:\/\/codexflores.ch\/index.php\/wp-json\/wp\/v2\/tags?post=2318"}],"curies":[{"name":"wp","href":"https:\/\/api.w.org\/{rel}","templated":true}]}}