{"id":232,"date":"2014-01-10T10:34:05","date_gmt":"2014-01-10T10:34:05","guid":{"rendered":"https:\/\/codexflores.ch\/index.php\/2014\/01\/10\/savalls-haendel-odyssee-einer-aufnahme\/"},"modified":"2014-01-10T10:34:05","modified_gmt":"2014-01-10T10:34:05","slug":"savalls-haendel-odyssee-einer-aufnahme","status":"publish","type":"post","link":"https:\/\/codexflores.ch\/index.php\/2014\/01\/10\/savalls-haendel-odyssee-einer-aufnahme\/","title":{"rendered":"Savalls H\u00e4ndel: Odyssee einer Aufnahme"},"content":{"rendered":"<p><span class=\"txt-m-black\"><img decoding=\"async\" src=\"http:\/\/212.60.37.143\/bilder\/2008\/080501savall.jpg\" border=\"0\" align=\"left\" \/><em>02.05.2008 &#8212;<\/em> Labels, die von K\u00fcnstlern gegr\u00fcndet werden, um die eigenen Werke unter die Leute zu bringen, schiessen wie die Pilze aus dem Boden. Auch Alia Vox ist zu diesem Zweck von einem Interpreten ins Leben gerufen worden, bereits vor zehn Jahren \u2212 vom Gambenspieler und Dirigenten Jordi Savall. Dass auf Alia Vox nun eine Aufnahme von H\u00e4ndels Feuerwerksmusik mit Le Concert des Nations unter der Leitung Savalls auf den Markt kommt, scheint demnach nur nat\u00fcrlich. Hinter dem Release verbirgt sich allerdings ein bewegtes und bewegendes St\u00fcck franz\u00f6sische Labelgeschichte, das bis in die f\u00fcnfziger Jahre des 20. Jahrhunderts zur\u00fcckreicht.<\/p>\n<p> 1954 gr\u00fcndete der 1931 geborene Produzent Michel Bernstein, der die Alte-Musik-Szene Frankreichs massgeblich pr\u00e4gen sollte, das Label Vend\u00f4me, das jedoch bereits nach f\u00fcnf Produktionen den Geist aufgab. Mit einem zweiten, Valois, hatte Bernstein mehr Gl\u00fcck: Erste Erfolge konnte er unter anderem mit Aufnahmen des V\u00e9gh Quartettes und des Pianisten Noel Lee verzeichnen. Sehr fr\u00fch widmete er sich dar\u00fcberhinaus bereits K\u00fcnstlern wie der Cembalistin Blandine Verlet, dem Fortepiano-Spieler Paul Badura-Skoda, dem Lautenisten Hopkinson Smith und Philippe Herreweghe mit seinem Collegium Vocale.<\/p>\n<p> Einen Coup landete Bernstein 1975, als es ihm gelang, f\u00fcr Astr\u00e9e &#8211; ein weiteres eigenes Label &#8211; dem Giganten EMI Classics Jordi Savall und sein Ensemble Hesp\u00e8rion XX auszuspannen. Savall realisierte f\u00fcr Astr\u00e9e die ersten Aufnahmen mit Werken von Fran\u00e7ois Couperin und Marin Marais und schuf damit die Grundlage zu einem der erstaunlichsten Publikumserfolge, welche die Alte Musik im Laufe ihrer Renaissance verzeichnen konnte, den 1991 erschienenen Film \u00abTous les matins du monde\u00bb mit G\u00e9rard Depardieu in der Rolle Marais&#8216;, der in den europ\u00e4ischen Arthouse-Kinos ein begeistertes Publikum fand.<\/p>\n<p> Ausgerechnet Bernstein, der den Stein urspr\u00fcnglich ins Rollen gebracht hatte, konnte von dem Boom nicht profitieren. Finanzielle Probleme hatten ihn kurz zuvor gezwungen, Astr\u00e9e an den Konkurrenten Auvidis zu verkaufen. 1992 gr\u00fcndete er mit Arcana ein weiteres Label, mit dem er die Philosophie der Alten Musik bis in die Epoche Debussys ausweitete und Aufnahmen von dessen Klaviermusik auf Erard-Klavieren der Zeit herausgab. Arcana zeichnete sich aber auch mit einer Gesamtaufnahme von Haydns Streichquartetten durch das Festetics Quartett aus, und mit Produktionen des Ensembles Ars Antiqua Austria. Bernstein starb wie er gelebt hatte: Am 31. Oktober 2006 erlag er mit 75 Jahren einem Herzversagen \u2212 w\u00e4hrend Aufnahmen mit dem auf mittelalterliche Musik spezialisierten Pariser Ensemble Dialogos.<\/p>\n<p> Die Odyss\u00e9e der Savall-Aufnahmen setzte sich unterdessen fort. Der Astr\u00e9e-Katalog wurde 1998 von Auvidis an Na\u00efve Classique weitergereicht, w\u00e4hrend Savall sein eigenes Label Alia Vox gr\u00fcndete, auf dem er seine Aufnahmen mit den Ensembles Hesp\u00e8rion XXI, La Capella Reial de Catalunya und Le Concert des Nations publiziert. Er hat die alten Astr\u00e9e-Aufnahmen erworben und bringt sie nun nach und nach in neu gemasterten Einspielungen unter dem Brand \u00abAlia Vox Heritage\u00bb neu heraus.<\/p>\n<p> Im Falle von H\u00e4ndels Feuerwerksmusik ist dies unzweifelhaft ein Gewinn. Auch wenn das Hochkochen der urspr\u00fcnglichen Aufnahme, die 1993 im katalonischen Schloss Cardona entstanden ist, auf eine hybride Mehrkanalfassung im SACD-Format nicht zwingend erscheint, bietet die Neubearbeitung h\u00f6chsten H\u00f6rgenuss, und dies nicht nur technisch. Die Aufnahme legt n\u00e4mlich seit 15 Jahren die Messlatte f\u00fcr andere Einspielungen der H\u00e4ndelschen Freiluft- und Tafelmusik sehr, sehr hoch. <em>(wb)<\/em><\/p>\n<p> <em><span class=\"txt-s-black\"><span style=\"font-size: x-small;\">Haendel: Water Music, Music for The Royal Fireworks, Le Concert des Nations, Jordi Savall (Leitung), Alia Vox 2008, AVSA 9860.<\/span> <\/span><\/em><\/span><\/p>\n","protected":false},"excerpt":{"rendered":"<p>02.05.2008 &#8212; Labels, die von K\u00fcnstlern gegr\u00fcndet werden, um die eigenen Werke unter die Leute zu bringen, schiessen wie die&#8230;<\/p>\n","protected":false},"author":1,"featured_media":0,"comment_status":"open","ping_status":"open","sticky":false,"template":"","format":"standard","meta":{"footnotes":""},"categories":[4],"tags":[],"class_list":["post-232","post","type-post","status-publish","format-standard","hentry","category-im-gespraech","entry"],"_links":{"self":[{"href":"https:\/\/codexflores.ch\/index.php\/wp-json\/wp\/v2\/posts\/232","targetHints":{"allow":["GET"]}}],"collection":[{"href":"https:\/\/codexflores.ch\/index.php\/wp-json\/wp\/v2\/posts"}],"about":[{"href":"https:\/\/codexflores.ch\/index.php\/wp-json\/wp\/v2\/types\/post"}],"author":[{"embeddable":true,"href":"https:\/\/codexflores.ch\/index.php\/wp-json\/wp\/v2\/users\/1"}],"replies":[{"embeddable":true,"href":"https:\/\/codexflores.ch\/index.php\/wp-json\/wp\/v2\/comments?post=232"}],"version-history":[{"count":0,"href":"https:\/\/codexflores.ch\/index.php\/wp-json\/wp\/v2\/posts\/232\/revisions"}],"wp:attachment":[{"href":"https:\/\/codexflores.ch\/index.php\/wp-json\/wp\/v2\/media?parent=232"}],"wp:term":[{"taxonomy":"category","embeddable":true,"href":"https:\/\/codexflores.ch\/index.php\/wp-json\/wp\/v2\/categories?post=232"},{"taxonomy":"post_tag","embeddable":true,"href":"https:\/\/codexflores.ch\/index.php\/wp-json\/wp\/v2\/tags?post=232"}],"curies":[{"name":"wp","href":"https:\/\/api.w.org\/{rel}","templated":true}]}}