{"id":2322,"date":"2015-05-26T05:44:00","date_gmt":"2015-05-26T05:44:00","guid":{"rendered":"https:\/\/codexflores.ch\/index.php\/2015\/05\/26\/bilanz-des-ersten-pfingstfestivals-schloss-brunegg\/"},"modified":"2015-05-26T05:44:00","modified_gmt":"2015-05-26T05:44:00","slug":"bilanz-des-ersten-pfingstfestivals-schloss-brunegg","status":"publish","type":"post","link":"https:\/\/codexflores.ch\/index.php\/2015\/05\/26\/bilanz-des-ersten-pfingstfestivals-schloss-brunegg\/","title":{"rendered":"Bilanz des ersten Pfingstfestivals Schloss Brunegg"},"content":{"rendered":"<p><span style=\"font-family: arial,helvetica,sans-serif; font-size: small;\">26.05.2015 &#8212; Die erste Ausgabe des viert\u00e4gigen Kammermusikfestivals auf dem erstmals \u00f6ffentlich zug\u00e4nglichen Aargauer Schloss Brunegg zog das Publikum an: Vier der insgesamt sechs Konzerte waren ausverkauft. die beiden restlichen Konzerte waren ebenfalls sehr gut besucht.<\/span><\/p>\n<p><span style=\"font-family: arial,helvetica,sans-serif; font-size: small;\"><strong>26.05.2015 &#8212; Die erste Ausgabe des viert\u00e4gigen Kammermusikfestivals auf dem erstmals \u00f6ffentlich zug\u00e4nglichen Aargauer Schloss Brunegg zog das Publikum an: Vier der insgesamt sechs Konzerte waren ausverkauft. die beiden restlichen Konzerte waren ebenfalls sehr gut besucht.<\/strong><\/span><\/p>\n<p><span style=\"font-family: arial,helvetica,sans-serif; font-size: small;\">\u00a0<\/span><\/p>\n<p><span style=\"font-family: arial,helvetica,sans-serif; font-size: small;\">Auf besonderes Interesse stiess die erstmalige Pr\u00e4sentation von Mozarts Geige in der Schweiz. Das von der Stiftung Mozarteum Salzburg zur Verf\u00fcgung gestellte historische Instrument wurde in diesem Konzert von der Schweizer Geigerin Esther Hoppe gespielt <\/span><\/p>\n<p><span style=\"font-family: arial,helvetica,sans-serif; font-size: small;\">\u00a0<\/span><\/p>\n<p><span style=\"font-family: arial,helvetica,sans-serif; font-size: small;\">Auf dem Programm standen insgesamt sechs Konzerte mit klassischer und neuester Kammermusik (darunter mehrere Schweizer Erstauff\u00fchrungen), interpretiert von renommierten Musikern aus der Schweiz, den Niederlanden und den USA. Composer in Residence war mit David Philip Hefti. Die n\u00e4chste Ausgabe des Pfingstfestivals findet vom 13. bis 16. Mai 2016 statt. <em>(cf)<\/em><\/span><\/p>\n","protected":false},"excerpt":{"rendered":"<p><span style=\"font-family: arial,helvetica,sans-serif; font-size: small;\">26.05.2015 &#8212; Die erste Ausgabe des viert\u00e4gigen Kammermusikfestivals auf dem erstmals \u00f6ffentlich zug\u00e4nglichen Aargauer Schloss Brunegg zog das Publikum an: Vier der insgesamt sechs Konzerte waren ausverkauft. die beiden restlichen Konzerte waren ebenfalls sehr gut besucht.<\/span><\/p>\n","protected":false},"author":1,"featured_media":0,"comment_status":"open","ping_status":"open","sticky":false,"template":"","format":"standard","meta":{"footnotes":""},"categories":[2],"tags":[],"class_list":["post-2322","post","type-post","status-publish","format-standard","hentry","category-nachrichten","entry"],"_links":{"self":[{"href":"https:\/\/codexflores.ch\/index.php\/wp-json\/wp\/v2\/posts\/2322","targetHints":{"allow":["GET"]}}],"collection":[{"href":"https:\/\/codexflores.ch\/index.php\/wp-json\/wp\/v2\/posts"}],"about":[{"href":"https:\/\/codexflores.ch\/index.php\/wp-json\/wp\/v2\/types\/post"}],"author":[{"embeddable":true,"href":"https:\/\/codexflores.ch\/index.php\/wp-json\/wp\/v2\/users\/1"}],"replies":[{"embeddable":true,"href":"https:\/\/codexflores.ch\/index.php\/wp-json\/wp\/v2\/comments?post=2322"}],"version-history":[{"count":0,"href":"https:\/\/codexflores.ch\/index.php\/wp-json\/wp\/v2\/posts\/2322\/revisions"}],"wp:attachment":[{"href":"https:\/\/codexflores.ch\/index.php\/wp-json\/wp\/v2\/media?parent=2322"}],"wp:term":[{"taxonomy":"category","embeddable":true,"href":"https:\/\/codexflores.ch\/index.php\/wp-json\/wp\/v2\/categories?post=2322"},{"taxonomy":"post_tag","embeddable":true,"href":"https:\/\/codexflores.ch\/index.php\/wp-json\/wp\/v2\/tags?post=2322"}],"curies":[{"name":"wp","href":"https:\/\/api.w.org\/{rel}","templated":true}]}}