{"id":2327,"date":"2015-05-28T06:19:50","date_gmt":"2015-05-28T06:19:50","guid":{"rendered":"https:\/\/codexflores.ch\/index.php\/2015\/05\/28\/die-neue-rektorin-der-wiener-musikuniversitaet-heisst-sych\/"},"modified":"2015-05-28T06:19:50","modified_gmt":"2015-05-28T06:19:50","slug":"die-neue-rektorin-der-wiener-musikuniversitaet-heisst-sych","status":"publish","type":"post","link":"https:\/\/codexflores.ch\/index.php\/2015\/05\/28\/die-neue-rektorin-der-wiener-musikuniversitaet-heisst-sych\/","title":{"rendered":"Die neue Rektorin der Wiener Musikuniversit\u00e4t heisst Sych"},"content":{"rendered":"<p>28.05.2015 &#8212; Es bleibt dabei: Die Universit\u00e4t f\u00fcr Musik und darstellende Kunst Wien (mdw) erh\u00e4lt erstmals eine Rektorin. Nach dem kurzfristigen R\u00fcckzug Regula Rapps hat sie die Salzburger S\u00e4ngerin Ulrike Sych dazu ernannt.<\/p>\n<p><strong>28.05.2015 &#8212; Es bleibt dabei: Die Universit\u00e4t f\u00fcr Musik und darstellende Kunst Wien (mdw) erh\u00e4lt erstmals eine Rektorin. Nach dem kurzfristigen R\u00fcckzug Regula Rapps hat sie die Salzburger S\u00e4ngerin Ulrike Sych dazu ernannt.<\/strong><\/p>\n<p>\u00a0<\/p>\n<p>Der neuerliche Wahlvorgang sei notwendig geworden, \u00abweil die urspr\u00fcnglich gew\u00e4hlte Kandidatin, Frau Dr.in Regula Rapp, das Amt auf eigenen Wunsch nicht angetreten hat\u00bb, schreibt die mdw. Der Universit\u00e4tsrat habe dabei die dr\u00e4ngende Zeit ber\u00fccksichtigt. Im Herbst st\u00fcnden wichtige Verhandlungen mit dem Ministerium f\u00fcr die n\u00e4chsten Jahre an. Man habe deshalb entschieden, dass die Wahl einer Kandidatin aus dem Haus zum jetzigen Zeitpunkt sinnvoll erscheine.<\/p>\n<p>\u00a0<\/p>\n<p>Ulrike Sych\u00a0war bisher Vizerektorin f\u00fcr Lehre und Frauenf\u00f6rderung und damit auch Stellvertreterin des Rektors. Sie sei deshalb auch mit allen internen Fragestellungen und Agenden des Hauses vertraut. Rapp hatte ihren R\u00fcckzug mit dem Eindruck begr\u00fcndet, nicht die notwendige Unterst\u00fctzung f\u00fcr ihre Rektorsarbeit zu erhalten. Die Universit\u00e4t sei f\u00fcr eine zeitgem\u00e4sse L\u00f6sung innerlich nicht reif. <em>(cf)<\/em><\/p>\n","protected":false},"excerpt":{"rendered":"<p>28.05.2015 &#8212; Es bleibt dabei: Die Universit\u00e4t f\u00fcr Musik und darstellende Kunst Wien (mdw) erh\u00e4lt erstmals eine Rektorin. Nach dem kurzfristigen R\u00fcckzug Regula Rapps hat sie die Salzburger S\u00e4ngerin Ulrike Sych dazu ernannt.<\/p>\n","protected":false},"author":1,"featured_media":0,"comment_status":"open","ping_status":"open","sticky":false,"template":"","format":"standard","meta":{"footnotes":""},"categories":[2],"tags":[],"class_list":["post-2327","post","type-post","status-publish","format-standard","hentry","category-nachrichten","entry"],"_links":{"self":[{"href":"https:\/\/codexflores.ch\/index.php\/wp-json\/wp\/v2\/posts\/2327","targetHints":{"allow":["GET"]}}],"collection":[{"href":"https:\/\/codexflores.ch\/index.php\/wp-json\/wp\/v2\/posts"}],"about":[{"href":"https:\/\/codexflores.ch\/index.php\/wp-json\/wp\/v2\/types\/post"}],"author":[{"embeddable":true,"href":"https:\/\/codexflores.ch\/index.php\/wp-json\/wp\/v2\/users\/1"}],"replies":[{"embeddable":true,"href":"https:\/\/codexflores.ch\/index.php\/wp-json\/wp\/v2\/comments?post=2327"}],"version-history":[{"count":0,"href":"https:\/\/codexflores.ch\/index.php\/wp-json\/wp\/v2\/posts\/2327\/revisions"}],"wp:attachment":[{"href":"https:\/\/codexflores.ch\/index.php\/wp-json\/wp\/v2\/media?parent=2327"}],"wp:term":[{"taxonomy":"category","embeddable":true,"href":"https:\/\/codexflores.ch\/index.php\/wp-json\/wp\/v2\/categories?post=2327"},{"taxonomy":"post_tag","embeddable":true,"href":"https:\/\/codexflores.ch\/index.php\/wp-json\/wp\/v2\/tags?post=2327"}],"curies":[{"name":"wp","href":"https:\/\/api.w.org\/{rel}","templated":true}]}}