{"id":2329,"date":"2015-05-28T09:33:00","date_gmt":"2015-05-28T09:33:00","guid":{"rendered":"https:\/\/codexflores.ch\/index.php\/2015\/05\/28\/brasiliens-rhythmen-aus-erster-hand\/"},"modified":"2015-05-28T09:33:00","modified_gmt":"2015-05-28T09:33:00","slug":"brasiliens-rhythmen-aus-erster-hand","status":"publish","type":"post","link":"https:\/\/codexflores.ch\/index.php\/2015\/05\/28\/brasiliens-rhythmen-aus-erster-hand\/","title":{"rendered":"Brasiliens Rhythmen aus erster Hand"},"content":{"rendered":"<p><img loading=\"lazy\" decoding=\"async\" src=\"images\/bilder2015\/150528inverno.jpg\" border=\"0\" alt=\"Cover CD\" width=\"100\" height=\"100\" style=\"float: left; margin: 8px;\" \/>28.05.2015 &#8212; Samba? Ja, was denn f\u00fcr einer? Duro, Cruzado, Partido Alto, De Roda, in der Variation des Schlagzeugers Edson Machado, in Dreiviertel-, F\u00fcnfachtel- oder Siebenviertelmetrum? Oder ein scheinbar so exotischer Rhythmus wie Xote (\u00abSchotschi\u00bb ausgesprochen und damit als Verballhornung von nicht ganz so exotischem \u00abSchottisch\u00bb erkennbar \u2012 auch Forrobod\u00f3, Funganga oder Suacada genannt). Oder wie w\u00e4r\u2019s mit Maracatu, Maxixe, Boi-Bumb\u00e1 oder Frevo? Einer, der sich im Labyrinth der brasilianischen Rhythmen exzellent auskennt, ist der Schlagzeuger Nen\u00e9 (Realcino Lima Filho), der als Sideman von Gr\u00f6ssen wie Elis Regina, Milton Nascimento, Hermeto Pascoal und Egberto Gismonti ebenso gefragt ist, wie als Produzent und Komponist in eigener Sache. Er ist heute mit einem eigenen Trio unterwegs \u2012 mit dem Bassisten Alberto Luccas und dem Pianisten \u00cdrio J\u00fanior.<\/p>\n<p>\u00a0<\/p>\n<p><img loading=\"lazy\" decoding=\"async\" src=\"images\/bilder2015\/150528inverno.jpg\" border=\"0\" alt=\"Cover CD\" width=\"100\" height=\"100\" style=\"float: left; margin: 8px;\" \/>28.05.2015 &#8212; Samba? Ja, was denn f\u00fcr einer? Duro, Cruzado, Partido Alto, De Roda, in der Variation des Schlagzeugers Edson Machado, in Dreiviertel-, F\u00fcnfachtel- oder Siebenviertelmetrum? Oder ein scheinbar so exotischer Rhythmus wie Xote (\u00abSchotschi\u00bb ausgesprochen und damit als Verballhornung von nicht ganz so exotischem \u00abSchottisch\u00bb erkennbar \u2012 auch Forrobod\u00f3, Funganga oder Suacada genannt). Oder wie w\u00e4r\u2019s mit Maracatu, Maxixe, Boi-Bumb\u00e1 oder Frevo? Einer, der sich im Labyrinth der brasilianischen Rhythmen exzellent auskennt, ist der Schlagzeuger Nen\u00e9 (Realcino Lima Filho), der als Sideman von Gr\u00f6ssen wie Elis Regina, Milton Nascimento, Hermeto Pascoal und Egberto Gismonti ebenso gefragt ist, wie als Produzent und Komponist in eigener Sache. Er ist heute mit einem eigenen Trio unterwegs \u2012 mit dem Bassisten Alberto Luccas und dem Pianisten \u00cdrio J\u00fanior.<\/p>\n<p>\u00a0<\/p>\n<p>Mit einem Zyklus von vier CD, die den Jahreszeiten gewidmet sind, pr\u00e4sentiert der Schlagzeuger sein hochklassiges K\u00f6nnen als Komponist, das tief in der Tradition des Jazz brasileiro wurzelt, diesen aber auch zu einer aktuellen und universellen Instrumentalmusik weiterentwickelt. Das stark vom Schlagzeug her gedachte Album \u00abInverno\u00bb ist nach \u00abOutono\u00bb die zweite Polycarbonatscheibe der Reihe.<\/p>\n<p>\u00a0<\/p>\n<p><img loading=\"lazy\" decoding=\"async\" src=\"images\/bilder2015\/150528drums.jpg\" border=\"0\" alt=\"Cover Buch\" width=\"100\" height=\"139\" style=\"float: left; margin: 8px;\" \/>Seine Wissen um die vielf\u00e4ltigen Rhythmen Brasiliens, darunter auch die oben erw\u00e4hnten Varianten, hat Nene in einem einzigartigen, zweisprachig (Englisch\/Portugiesisch) verfassten Kompendium zusammengefasst. \u00abA Bateria Brasileira no S\u00e9culo XXI \/ Brazilian Drums in the 21st Century\u00bb kann direkt bei ihm bezogen werden. Die Zusammenstellung und die von Nene selber entwickelten Adaptionen sind nicht Kopfgeburten, sondern das Resultat seines B\u00fchnenalltags. In einem zweiten Teil pr\u00e4sentiert er ein eigenes Konzept der rhythmischen Arbeit. Basierend auf einer konventionellen rhythmischen Basis schreitet es von den Ostinati, die am Schlagzeug mit den F\u00fcssen erzeugt werden, zur improvisatorischen Arbeit der H\u00e4nde und zum Groove in der freien Improvisation. <em>(wb) <\/em>\u00a0\u00a0\u00a0\u00a0\u00a0\u00a0\u00a0\u00a0\u00a0\u00a0\u00a0<\/p>\n<p><strong><br \/>Infos:<\/strong> <br \/>Nenes Webseite: <a href=\"http:\/\/www.navitrola.com.br\/nenetrio\">www.navitrola.com.br\/nenetrio<\/a><br \/>Bezugsnachweis f\u00fcr \u00abA Bateria Brasileira\u00bb: <a href=\"mailto:nenebaterista@gmail.com\">nenebaterista@gmail.com<\/a><\/p>\n","protected":false},"excerpt":{"rendered":"<p><img loading=\"lazy\" decoding=\"async\" src=\"images\/bilder2015\/150528inverno.jpg\" border=\"0\" alt=\"Cover CD\" width=\"100\" height=\"100\" style=\"float: left; margin: 8px;\" \/>28.05.2015 &#8212; Samba? Ja, was denn f\u00fcr einer? Duro, Cruzado, Partido Alto, De Roda, in der Variation des Schlagzeugers Edson Machado, in Dreiviertel-, F\u00fcnfachtel- oder Siebenviertelmetrum? Oder ein scheinbar so exotischer Rhythmus wie Xote (\u00abSchotschi\u00bb ausgesprochen und damit als Verballhornung von nicht ganz so exotischem \u00abSchottisch\u00bb erkennbar \u2012 auch Forrobod\u00f3, Funganga oder Suacada genannt). Oder wie w\u00e4r\u2019s mit Maracatu, Maxixe, Boi-Bumb\u00e1 oder Frevo? Einer, der sich im Labyrinth der brasilianischen Rhythmen exzellent auskennt, ist der Schlagzeuger Nen\u00e9 (Realcino Lima Filho), der als Sideman von Gr\u00f6ssen wie Elis Regina, Milton Nascimento, Hermeto Pascoal und Egberto Gismonti ebenso gefragt ist, wie als Produzent und Komponist in eigener Sache. Er ist heute mit einem eigenen Trio unterwegs \u2012 mit dem Bassisten Alberto Luccas und dem Pianisten \u00cdrio J\u00fanior.<\/p>\n","protected":false},"author":1,"featured_media":0,"comment_status":"open","ping_status":"open","sticky":false,"template":"","format":"standard","meta":{"footnotes":""},"categories":[4],"tags":[],"class_list":["post-2329","post","type-post","status-publish","format-standard","hentry","category-im-gespraech","entry"],"_links":{"self":[{"href":"https:\/\/codexflores.ch\/index.php\/wp-json\/wp\/v2\/posts\/2329","targetHints":{"allow":["GET"]}}],"collection":[{"href":"https:\/\/codexflores.ch\/index.php\/wp-json\/wp\/v2\/posts"}],"about":[{"href":"https:\/\/codexflores.ch\/index.php\/wp-json\/wp\/v2\/types\/post"}],"author":[{"embeddable":true,"href":"https:\/\/codexflores.ch\/index.php\/wp-json\/wp\/v2\/users\/1"}],"replies":[{"embeddable":true,"href":"https:\/\/codexflores.ch\/index.php\/wp-json\/wp\/v2\/comments?post=2329"}],"version-history":[{"count":0,"href":"https:\/\/codexflores.ch\/index.php\/wp-json\/wp\/v2\/posts\/2329\/revisions"}],"wp:attachment":[{"href":"https:\/\/codexflores.ch\/index.php\/wp-json\/wp\/v2\/media?parent=2329"}],"wp:term":[{"taxonomy":"category","embeddable":true,"href":"https:\/\/codexflores.ch\/index.php\/wp-json\/wp\/v2\/categories?post=2329"},{"taxonomy":"post_tag","embeddable":true,"href":"https:\/\/codexflores.ch\/index.php\/wp-json\/wp\/v2\/tags?post=2329"}],"curies":[{"name":"wp","href":"https:\/\/api.w.org\/{rel}","templated":true}]}}