{"id":2330,"date":"2015-05-29T06:07:41","date_gmt":"2015-05-29T06:07:41","guid":{"rendered":"https:\/\/codexflores.ch\/index.php\/2015\/05\/29\/opernkonferenz-interveniert-in-oslo\/"},"modified":"2015-05-29T06:07:41","modified_gmt":"2015-05-29T06:07:41","slug":"opernkonferenz-interveniert-in-oslo","status":"publish","type":"post","link":"https:\/\/codexflores.ch\/index.php\/2015\/05\/29\/opernkonferenz-interveniert-in-oslo\/","title":{"rendered":"Opernkonferenz interveniert in Oslo"},"content":{"rendered":"<p><span style=\"font-family: arial,helvetica,sans-serif; font-size: small;\">29.05.2015 &#8212; Bernd Loebe, der Intendant der Oper Frankfurt, hat in seiner Funktion als Vorsitzender der Deutschsprachigen Opernkonferenz der norwegischen Kulturministerin Thorhild Widvey eine Offenen Brief zukommen lassen. Das Schreiben richtet sich gegen die Nichtverl\u00e4ngerung des Vetrags von Per Boye Hansen, dem K\u00fcnstlerischen Leiter der Norwegischen Nationaloper Oslo.<\/span><\/p>\n<p><span style=\"font-family: arial,helvetica,sans-serif; font-size: small;\"><strong>29.05.2015 &#8212; Bernd Loebe, der Intendant der Oper Frankfurt, hat in seiner Funktion als Vorsitzender der Deutschsprachigen Opernkonferenz der norwegischen Kulturministerin Thorhild Widvey eine Offenen Brief zukommen lassen. Das Schreiben richtet sich gegen die Nichtverl\u00e4ngerung des Vetrags von Per Boye Hansen, dem K\u00fcnstlerischen Leiter der Norwegischen Nationaloper Oslo.<\/strong><\/span><\/p>\n<p>\u00a0<\/p>\n<p><span style=\"font-family: arial,helvetica,sans-serif; font-size: small;\">Loebe \u00abermuntert die norwegische Regierung\u00bb eine unabh\u00e4ngige Jury oder einen Kreis unabh\u00e4ngiger Opernfachleute einzusetzen, um die Entscheidung noch einmal zu \u00fcberdenken und diese wom\u00f6glich r\u00fcckg\u00e4ngig zu machen. Per Boye Hansen sei der Garant f\u00fcr den positiven Neubeginn in Oslo. <\/span><\/p>\n<p><span style=\"font-family: arial,helvetica,sans-serif; font-size: small;\">\u00a0<\/span><\/p>\n<p><span style=\"font-family: arial,helvetica,sans-serif; font-size: small;\">Die Stadt habe mit dem neuen Opernhaus den Anschluss an die internationale Opernwelt gefunden. Per Boye Hansen habe dabei alle Erwartungen erf\u00fcllt. Nun werde ausgerechnet in einem Moment, in dem das Haus enorm an Renommee hinzugewinne, diese Entwicklung durch eine v\u00f6llig kunstferne Entscheidung abrupt abgebrochen. <em>(cf)<\/em><\/span><\/p>\n<p>\u00a0<\/p>\n<p>\u00a0<\/p>\n<p>\u00a0<\/p>\n<p>\u00a0<\/p>\n","protected":false},"excerpt":{"rendered":"<p><span style=\"font-family: arial,helvetica,sans-serif; font-size: small;\">29.05.2015 &#8212; Bernd Loebe, der Intendant der Oper Frankfurt, hat in seiner Funktion als Vorsitzender der Deutschsprachigen Opernkonferenz der norwegischen Kulturministerin Thorhild Widvey eine Offenen Brief zukommen lassen. Das Schreiben richtet sich gegen die Nichtverl\u00e4ngerung des Vetrags von Per Boye Hansen, dem K\u00fcnstlerischen Leiter der Norwegischen Nationaloper Oslo.<\/span><\/p>\n","protected":false},"author":1,"featured_media":0,"comment_status":"open","ping_status":"open","sticky":false,"template":"","format":"standard","meta":{"footnotes":""},"categories":[2],"tags":[],"class_list":["post-2330","post","type-post","status-publish","format-standard","hentry","category-nachrichten","entry"],"_links":{"self":[{"href":"https:\/\/codexflores.ch\/index.php\/wp-json\/wp\/v2\/posts\/2330","targetHints":{"allow":["GET"]}}],"collection":[{"href":"https:\/\/codexflores.ch\/index.php\/wp-json\/wp\/v2\/posts"}],"about":[{"href":"https:\/\/codexflores.ch\/index.php\/wp-json\/wp\/v2\/types\/post"}],"author":[{"embeddable":true,"href":"https:\/\/codexflores.ch\/index.php\/wp-json\/wp\/v2\/users\/1"}],"replies":[{"embeddable":true,"href":"https:\/\/codexflores.ch\/index.php\/wp-json\/wp\/v2\/comments?post=2330"}],"version-history":[{"count":0,"href":"https:\/\/codexflores.ch\/index.php\/wp-json\/wp\/v2\/posts\/2330\/revisions"}],"wp:attachment":[{"href":"https:\/\/codexflores.ch\/index.php\/wp-json\/wp\/v2\/media?parent=2330"}],"wp:term":[{"taxonomy":"category","embeddable":true,"href":"https:\/\/codexflores.ch\/index.php\/wp-json\/wp\/v2\/categories?post=2330"},{"taxonomy":"post_tag","embeddable":true,"href":"https:\/\/codexflores.ch\/index.php\/wp-json\/wp\/v2\/tags?post=2330"}],"curies":[{"name":"wp","href":"https:\/\/api.w.org\/{rel}","templated":true}]}}