{"id":2336,"date":"2015-06-02T05:47:43","date_gmt":"2015-06-02T05:47:43","guid":{"rendered":"https:\/\/codexflores.ch\/index.php\/2015\/06\/02\/studie-zur-situation-deutscher-jazzmusiker\/"},"modified":"2015-06-02T05:47:43","modified_gmt":"2015-06-02T05:47:43","slug":"studie-zur-situation-deutscher-jazzmusiker","status":"publish","type":"post","link":"https:\/\/codexflores.ch\/index.php\/2015\/06\/02\/studie-zur-situation-deutscher-jazzmusiker\/","title":{"rendered":"Studie zur Situation deutscher Jazzmusiker"},"content":{"rendered":"<p><span style=\"font-family: arial,helvetica,sans-serif; font-size: small;\">02.06.2015 &#8212; Die Bundeskonferenz Jazz hat eine Studie zu den Lebens- und Arbeitsbedingungen in der deutschen Jazzszene initiiert. Das Institut f\u00fcr Kulturpolitik der Universit\u00e4t Hildesheim, das sie durchf\u00fchrt, bittet die Betroffenen um Beteiligung.<\/span><\/p>\n<p><span style=\"font-family: arial,helvetica,sans-serif; font-size: small;\"><strong>02.06.2015 &#8212; Die Bundeskonferenz Jazz hat eine Studie zu den Lebens- und Arbeitsbedingungen in der deutschen Jazzszene initiiert. Das Institut f\u00fcr Kulturpolitik der Universit\u00e4t Hildesheim, das sie durchf\u00fchrt, bittet die Betroffenen um Beteiligung.<\/strong><\/span><\/p>\n<p><span style=\"font-family: arial,helvetica,sans-serif; font-size: small;\">\u00a0<\/span><\/p>\n<p><span style=\"font-family: arial,helvetica,sans-serif; font-size: small;\">Die \u00f6konomische Situation im Jazz wird zwar immer wieder als prek\u00e4r beschrieben, tats\u00e4chlich aber fehlen aussagekr\u00e4ftige Zahlen\u00a0\u2013 so stammt die letzte ausf\u00fchrliche Studie aus den 1970er Jahren. Im Zentrum der nun erfolgenden Zahlenerhebung steht eine Befragung der professionellen Musiker und Musikerinnen.<\/span><\/p>\n<p><span style=\"font-family: arial,helvetica,sans-serif; font-size: small;\">\u00a0<\/span><\/p>\n<p><span style=\"font-family: arial,helvetica,sans-serif; font-size: small;\">Die verantwortlichen Initiatoren sind das Jazzinstitut Darmstadt, die Union Deutscher Jazzmusiker und die IG Jazz Berlin. Da das Resultat umso aussagekr\u00e4ftiger ist, je mehr sich an der Studie beteiligen, werden sie gebeten, den entsprechenden Fragebogen auszuf\u00fcllen. S\u00e4mtliche Daten werden anonym behandelt. Die Teilnahme an der Befragung ist bis zum 30. Juni 2015 m\u00f6glich. <\/span><\/p>\n<p><span style=\"font-family: arial,helvetica,sans-serif; font-size: small;\"><strong>Webseite:<\/strong> <a href=\"http:\/\/www.jazzstudie2015.de\" target=\"_blank\" rel=\"noopener noreferrer\">www.jazzstudie2015.de<\/a>\u00a0<\/span><\/p>\n<p><span style=\"font-family: arial,helvetica,sans-serif; font-size: small;\">\u00a0<\/span><\/p>\n","protected":false},"excerpt":{"rendered":"<p><span style=\"font-family: arial,helvetica,sans-serif; font-size: small;\">02.06.2015 &#8212; Die Bundeskonferenz Jazz hat eine Studie zu den Lebens- und Arbeitsbedingungen in der deutschen Jazzszene initiiert. Das Institut f\u00fcr Kulturpolitik der Universit\u00e4t Hildesheim, das sie durchf\u00fchrt, bittet die Betroffenen um Beteiligung.<\/span><\/p>\n","protected":false},"author":1,"featured_media":0,"comment_status":"open","ping_status":"open","sticky":false,"template":"","format":"standard","meta":{"footnotes":""},"categories":[2],"tags":[],"class_list":["post-2336","post","type-post","status-publish","format-standard","hentry","category-nachrichten","entry"],"_links":{"self":[{"href":"https:\/\/codexflores.ch\/index.php\/wp-json\/wp\/v2\/posts\/2336","targetHints":{"allow":["GET"]}}],"collection":[{"href":"https:\/\/codexflores.ch\/index.php\/wp-json\/wp\/v2\/posts"}],"about":[{"href":"https:\/\/codexflores.ch\/index.php\/wp-json\/wp\/v2\/types\/post"}],"author":[{"embeddable":true,"href":"https:\/\/codexflores.ch\/index.php\/wp-json\/wp\/v2\/users\/1"}],"replies":[{"embeddable":true,"href":"https:\/\/codexflores.ch\/index.php\/wp-json\/wp\/v2\/comments?post=2336"}],"version-history":[{"count":0,"href":"https:\/\/codexflores.ch\/index.php\/wp-json\/wp\/v2\/posts\/2336\/revisions"}],"wp:attachment":[{"href":"https:\/\/codexflores.ch\/index.php\/wp-json\/wp\/v2\/media?parent=2336"}],"wp:term":[{"taxonomy":"category","embeddable":true,"href":"https:\/\/codexflores.ch\/index.php\/wp-json\/wp\/v2\/categories?post=2336"},{"taxonomy":"post_tag","embeddable":true,"href":"https:\/\/codexflores.ch\/index.php\/wp-json\/wp\/v2\/tags?post=2336"}],"curies":[{"name":"wp","href":"https:\/\/api.w.org\/{rel}","templated":true}]}}