{"id":2337,"date":"2015-06-02T05:57:49","date_gmt":"2015-06-02T05:57:49","guid":{"rendered":"https:\/\/codexflores.ch\/index.php\/2015\/06\/02\/bilanz-des-forums-wallis-2015\/"},"modified":"2015-06-02T05:57:49","modified_gmt":"2015-06-02T05:57:49","slug":"bilanz-des-forums-wallis-2015","status":"publish","type":"post","link":"https:\/\/codexflores.ch\/index.php\/2015\/06\/02\/bilanz-des-forums-wallis-2015\/","title":{"rendered":"Bilanz des Forums Wallis 2015"},"content":{"rendered":"<p><span style=\"font-family: arial,helvetica,sans-serif; font-size: small;\">02.06.2015 &#8212; Einschliesslich der Orchesterkonzerte im Januar haben laut den Veranstaltern insgesamt mehr als 3700 Besucher die 27 Events des Forums Wallis 2015 beigewohnt.<\/span><\/p>\n<p><span style=\"font-family: arial,helvetica,sans-serif; font-size: small;\"><strong>02.06.2015 &#8212; Einschliesslich der Orchesterkonzerte im Januar haben laut den Veranstaltern insgesamt mehr als 3700 Besucher die 27 Events des Forums Wallis 2015 beigewohnt.<\/strong><\/span><\/p>\n<p><span style=\"font-family: arial,helvetica,sans-serif; font-size: small;\">\u00a0<\/span><\/p>\n<p><span style=\"font-family: arial,helvetica,sans-serif; font-size: small;\">\u00dcber das Pfingstwochenende wurden Werke von \u00fcber 60 Komponisten aus 30 L\u00e4ndern von einheimischen wie internationalen Ensembles pr\u00e4sentiert, darunter von Steamboat Switzerland, ECME, UMS &#8217;n JIP, Ensemble d&#8217;Arts und Le Pot. H\u00f6hepunkt des Festivals war die Auff\u00fchrung von Stockhausens Helikopterquartett mit dem Arditti Quartett, Andr\u00e9 Richard und Air-Glaciers in Leuk.\u00a0 <\/span><\/p>\n<p><span style=\"font-family: arial,helvetica,sans-serif; font-size: small;\">\u00a0<\/span><\/p>\n<p><span style=\"font-family: arial,helvetica,sans-serif; font-size: small;\">Das Forum Wallis ist in ein Netzwerk eingebunden, das mit ISCM (International Society for Contemporary Music), ECPNM (European Conference of Promoters of New Music), SGNM (Schweizer Gesellschaft f\u00fcr Neue Musik), Swissfestivals und ZENET viele Optionen zur regionalen, nationalen und internationalen Zusammenarbeit offenlasse, schreiben die Verantwortlichen. Die 10. Ausgabe des Forums Wallis findet an Pfingsten 2016 statt. Die Programmplanung daf\u00fcr sei bereits nahezu abgeschlossen, heisst es in der Mitteilung weiter.\u00a0 <em>(cf)<\/em><\/span><\/p>\n<p><span style=\"font-family: arial,helvetica,sans-serif; font-size: small;\">\u00a0<\/span><\/p>\n","protected":false},"excerpt":{"rendered":"<p><span style=\"font-family: arial,helvetica,sans-serif; font-size: small;\">02.06.2015 &#8212; Einschliesslich der Orchesterkonzerte im Januar haben laut den Veranstaltern insgesamt mehr als 3700 Besucher die 27 Events des Forums Wallis 2015 beigewohnt.<\/span><\/p>\n","protected":false},"author":1,"featured_media":0,"comment_status":"open","ping_status":"open","sticky":false,"template":"","format":"standard","meta":{"footnotes":""},"categories":[2],"tags":[],"class_list":["post-2337","post","type-post","status-publish","format-standard","hentry","category-nachrichten","entry"],"_links":{"self":[{"href":"https:\/\/codexflores.ch\/index.php\/wp-json\/wp\/v2\/posts\/2337","targetHints":{"allow":["GET"]}}],"collection":[{"href":"https:\/\/codexflores.ch\/index.php\/wp-json\/wp\/v2\/posts"}],"about":[{"href":"https:\/\/codexflores.ch\/index.php\/wp-json\/wp\/v2\/types\/post"}],"author":[{"embeddable":true,"href":"https:\/\/codexflores.ch\/index.php\/wp-json\/wp\/v2\/users\/1"}],"replies":[{"embeddable":true,"href":"https:\/\/codexflores.ch\/index.php\/wp-json\/wp\/v2\/comments?post=2337"}],"version-history":[{"count":0,"href":"https:\/\/codexflores.ch\/index.php\/wp-json\/wp\/v2\/posts\/2337\/revisions"}],"wp:attachment":[{"href":"https:\/\/codexflores.ch\/index.php\/wp-json\/wp\/v2\/media?parent=2337"}],"wp:term":[{"taxonomy":"category","embeddable":true,"href":"https:\/\/codexflores.ch\/index.php\/wp-json\/wp\/v2\/categories?post=2337"},{"taxonomy":"post_tag","embeddable":true,"href":"https:\/\/codexflores.ch\/index.php\/wp-json\/wp\/v2\/tags?post=2337"}],"curies":[{"name":"wp","href":"https:\/\/api.w.org\/{rel}","templated":true}]}}