{"id":2338,"date":"2015-06-02T06:06:25","date_gmt":"2015-06-02T06:06:25","guid":{"rendered":"https:\/\/codexflores.ch\/index.php\/2015\/06\/02\/beethovens-neunte-als-schulprojekt\/"},"modified":"2015-06-02T06:06:25","modified_gmt":"2015-06-02T06:06:25","slug":"beethovens-neunte-als-schulprojekt","status":"publish","type":"post","link":"https:\/\/codexflores.ch\/index.php\/2015\/06\/02\/beethovens-neunte-als-schulprojekt\/","title":{"rendered":"Beethovens Neunte als Schulprojekt"},"content":{"rendered":"<p><span style=\"font-family: arial,helvetica,sans-serif; font-size: small;\">02.06.2015 &#8212; Im Rahmen der Education Projekte der Abteilung Kultur Basel-Stadt hat sich eine Primarschul-Klasse der Stadt ein Schuljahr lang spielerisch an Beethovens Neunte Sinfonie herangetastet. Am 15. Juni 2015, wird das Ergebnis in einer szenischen Auff\u00fchrung im Gare du Nord zu sehen sein.<\/span><\/p>\n<p><strong><span style=\"font-family: arial,helvetica,sans-serif; font-size: small;\">02.06.2015 &#8212; Im Rahmen der Education Projekte der Abteilung Kultur Basel-Stadt hat sich eine Primarschul-Klasse der Stadt ein Schuljahr lang spielerisch an Beethovens Neunte Sinfonie herangetastet. Am 15. Juni 2015, wird das Ergebnis in einer szenischen Auff\u00fchrung im Gare du Nord zu sehen sein.<\/span><\/strong><\/p>\n<p><span style=\"font-family: arial,helvetica,sans-serif; font-size: small;\">\u00a0<\/span><\/p>\n<p><span style=\"font-size: small; font-family: arial,helvetica,sans-serif;\">Mit den Sch\u00fclerinnen und Sch\u00fclern der Klasse 6a der Dreirosen-Primarschule gearbeitet haben der Theaterp\u00e4dagoge Martin Frank und der Solo-Kontrabassist des Kammerorchesters Basel, Stefan Preyer. Die Jugendlichen erlebten die neunte Sinfonie von Ludwig van Beethoven und machten sich auf den Weg \u00abzu begreifen, welche Bedeutung diesem Werk, seiner &#8218;Ode an die Freude&#8216;, beigemessen wird, und wo Ankn\u00fcpfungspunkte zu ihrer eigenen Welt aufscheinen\u00bb.<\/span><\/p>\n<p>\u00a0<\/p>\n<p><span style=\"font-family: arial,helvetica,sans-serif; font-size: small;\">Die Reise f\u00fchrt hinaus auf die Meere, die Europa umgeben. Da treffen sie Jim Knopf, der in einem angesp\u00fclten Paket an eine Insel gelangt war, die zwar gute Menschen, aber keinen Platz f\u00fcr einen Heimatlosen hatte. Sie begegnen ihren Grosseltern, V\u00e4tern und M\u00fcttern, die in schweren Zeiten aufgebrochen sind, um einen Platz auf dieser Welt zu finden, an dem es ihre Familie und Kinder mal besser haben werden. Auf einem grossen Schiff begegnet ihnen das Kammerorchester Basel: Musiker, die als Botschafter unserer Kultur unterwegs sind, um mit der Neunten die Welt zu bereisen.<\/span><\/p>\n<p>\u00a0<\/p>\n<p><span style=\"font-family: arial,helvetica,sans-serif; font-size: small;\"><strong><br \/>Info:<\/strong> Im Boot mit Beethoven, Szenisches Projekt zur 9. Sinfonie von Ludwig van Beethoven, Montag, 15.Juni 2015, 20 Uhr, Gare du Nord Basel.<\/span><\/p>\n","protected":false},"excerpt":{"rendered":"<p><span style=\"font-family: arial,helvetica,sans-serif; font-size: small;\">02.06.2015 &#8212; Im Rahmen der Education Projekte der Abteilung Kultur Basel-Stadt hat sich eine Primarschul-Klasse der Stadt ein Schuljahr lang spielerisch an Beethovens Neunte Sinfonie herangetastet. Am 15. Juni 2015, wird das Ergebnis in einer szenischen Auff\u00fchrung im Gare du Nord zu sehen sein.<\/span><\/p>\n","protected":false},"author":1,"featured_media":0,"comment_status":"open","ping_status":"open","sticky":false,"template":"","format":"standard","meta":{"footnotes":""},"categories":[2],"tags":[],"class_list":["post-2338","post","type-post","status-publish","format-standard","hentry","category-nachrichten","entry"],"_links":{"self":[{"href":"https:\/\/codexflores.ch\/index.php\/wp-json\/wp\/v2\/posts\/2338","targetHints":{"allow":["GET"]}}],"collection":[{"href":"https:\/\/codexflores.ch\/index.php\/wp-json\/wp\/v2\/posts"}],"about":[{"href":"https:\/\/codexflores.ch\/index.php\/wp-json\/wp\/v2\/types\/post"}],"author":[{"embeddable":true,"href":"https:\/\/codexflores.ch\/index.php\/wp-json\/wp\/v2\/users\/1"}],"replies":[{"embeddable":true,"href":"https:\/\/codexflores.ch\/index.php\/wp-json\/wp\/v2\/comments?post=2338"}],"version-history":[{"count":0,"href":"https:\/\/codexflores.ch\/index.php\/wp-json\/wp\/v2\/posts\/2338\/revisions"}],"wp:attachment":[{"href":"https:\/\/codexflores.ch\/index.php\/wp-json\/wp\/v2\/media?parent=2338"}],"wp:term":[{"taxonomy":"category","embeddable":true,"href":"https:\/\/codexflores.ch\/index.php\/wp-json\/wp\/v2\/categories?post=2338"},{"taxonomy":"post_tag","embeddable":true,"href":"https:\/\/codexflores.ch\/index.php\/wp-json\/wp\/v2\/tags?post=2338"}],"curies":[{"name":"wp","href":"https:\/\/api.w.org\/{rel}","templated":true}]}}