{"id":2344,"date":"2015-06-04T05:53:23","date_gmt":"2015-06-04T05:53:23","guid":{"rendered":"https:\/\/codexflores.ch\/index.php\/2015\/06\/04\/bilanz-der-schwetzinger-festspiele-2015\/"},"modified":"2015-06-04T05:53:23","modified_gmt":"2015-06-04T05:53:23","slug":"bilanz-der-schwetzinger-festspiele-2015","status":"publish","type":"post","link":"https:\/\/codexflores.ch\/index.php\/2015\/06\/04\/bilanz-der-schwetzinger-festspiele-2015\/","title":{"rendered":"Bilanz der Schwetzinger Festspiele 2015"},"content":{"rendered":"<p><span style=\"font-family: arial,helvetica,sans-serif; font-size: small;\">04.06.2015 &#8212; Die Schwetzinger SWR Festspiele 2015 blicken auf \u00fcber 40 Konzertveranstaltungen und eine Opern-Urauff\u00fchrung zur\u00fcck. Sie z\u00e4hlten 18&#8217;000 Entritte in den Konzerts\u00e4len des Schlosses sowie in den Speyrer Kirchen.<\/span><\/p>\n<p>\u00a0<\/p>\n<p><span style=\"font-family: arial,helvetica,sans-serif; font-size: small;\"><strong>04.06.2015 &#8212; Die Schwetzinger SWR Festspiele 2015 blicken auf \u00fcber 40 Konzertveranstaltungen und eine Opern-Urauff\u00fchrung zur\u00fcck. Sie z\u00e4hlten 18&#8217;000 Entritte in den Konzerts\u00e4len des Schlosses sowie in den Speyrer Kirchen.<\/strong><\/span><\/p>\n<p><span style=\"font-family: arial,helvetica,sans-serif; font-size: small;\">\u00a0<\/span><\/p>\n<p><span style=\"font-family: arial,helvetica,sans-serif; font-size: small;\">Wie jedes Jahr wurden alle Veranstaltungen von SWR2 aufgezeichnet und live, zeitversetzt oder zu einem sp\u00e4teren Zeitpunkt gesendet. Zahlreiche Konzerte werden ausserdem \u00fcber Deutschland und Europa hinaus in der ganzen Welt ausgestrahlt, was die Schwetzinger SWR Festspiele nach Einsch\u00e4tzung der Veranstalter wie \u00abnach vor zum gr\u00f6ssten Radio-Festival weltweit macht\u00bb.<\/span><\/p>\n<p><span style=\"font-family: arial,helvetica,sans-serif; font-size: small;\">\u00a0<\/span><\/p>\n<p><span style=\"font-family: arial,helvetica,sans-serif; font-size: small;\">Auf arte-online wurde das Konzert des Signum saxophone quartet live in Ton und Bild \u00fcbertragen. Es ist aktuell noch \u00fcber weitere hundert Tage nachh\u00f6r- und sehbar: <a href=\"http:\/\/concert.arte.tv\/de\/signum-saxophone-quartet-schwetzinger-festspiele-sibelius-ligeti-gershwin\" target=\"_blank\" rel=\"noopener noreferrer\">http:\/\/concert.arte.tv\/de\/signum-saxophone-quartet-schwetzinger-festspiele-sibelius-ligeti-gershwin<\/a>. <\/span><\/p>\n<p>\u00a0<\/p>\n<p><span style=\"font-family: arial,helvetica,sans-serif; font-size: small;\">F\u00fcnf Konzertmitschnitte werden zudem in den kommenden Wochen auf der Homepage der Festspiele (<a href=\"http:\/\/schwetzinger-swr-festspiele.de\" target=\"_blank\" rel=\"noopener noreferrer\">schwetzinger-swr-festspiele.de<\/a>) abrufbar sein: SWR Vokalensemble mit dem Piano Duo Tal &amp; Groethuysen unter der Leitung von Florian Helgath, das Schwetzinger Deb\u00fct mit Janina Ruh und Boris Kusnezow, der ARD-Preistr\u00e4ger und Perkussionist Simone Rubino, das Radio-Sinfonieorchester Stuttgart des SWR mit der Sopranistin Marianne Beate Kielland unter der Leitung von Jos van Immerseel, das Abschlusskonzert der Hofmusik-Akademie sowie die Musikstunde mit Lars Reichow vom 30. Mai. \u00a0<\/span><\/p>\n<p><span style=\"font-family: arial,helvetica,sans-serif; font-size: small;\">\u00a0<\/span><\/p>\n<p><span style=\"font-family: arial,helvetica,sans-serif; font-size: small;\">Die 65. Schwetzinger SWR Festspiele finden vom 29. April bis 4. Juni 2016 statt. Er\u00f6ffnet wird die Saison mit der Opern-Wiederentdeckung \u00abVeremonda\u00bb von Francesco Cavalli. <em>(cf)<\/em><\/span><\/p>\n","protected":false},"excerpt":{"rendered":"<p><span style=\"font-family: arial,helvetica,sans-serif; font-size: small;\">04.06.2015 &#8212; Die Schwetzinger SWR Festspiele 2015 blicken auf \u00fcber 40 Konzertveranstaltungen und eine Opern-Urauff\u00fchrung zur\u00fcck. Sie z\u00e4hlten 18&#8217;000 Entritte in den Konzerts\u00e4len des Schlosses sowie in den Speyrer Kirchen.<\/span><\/p>\n","protected":false},"author":1,"featured_media":0,"comment_status":"open","ping_status":"open","sticky":false,"template":"","format":"standard","meta":{"footnotes":""},"categories":[2],"tags":[],"class_list":["post-2344","post","type-post","status-publish","format-standard","hentry","category-nachrichten","entry"],"_links":{"self":[{"href":"https:\/\/codexflores.ch\/index.php\/wp-json\/wp\/v2\/posts\/2344","targetHints":{"allow":["GET"]}}],"collection":[{"href":"https:\/\/codexflores.ch\/index.php\/wp-json\/wp\/v2\/posts"}],"about":[{"href":"https:\/\/codexflores.ch\/index.php\/wp-json\/wp\/v2\/types\/post"}],"author":[{"embeddable":true,"href":"https:\/\/codexflores.ch\/index.php\/wp-json\/wp\/v2\/users\/1"}],"replies":[{"embeddable":true,"href":"https:\/\/codexflores.ch\/index.php\/wp-json\/wp\/v2\/comments?post=2344"}],"version-history":[{"count":0,"href":"https:\/\/codexflores.ch\/index.php\/wp-json\/wp\/v2\/posts\/2344\/revisions"}],"wp:attachment":[{"href":"https:\/\/codexflores.ch\/index.php\/wp-json\/wp\/v2\/media?parent=2344"}],"wp:term":[{"taxonomy":"category","embeddable":true,"href":"https:\/\/codexflores.ch\/index.php\/wp-json\/wp\/v2\/categories?post=2344"},{"taxonomy":"post_tag","embeddable":true,"href":"https:\/\/codexflores.ch\/index.php\/wp-json\/wp\/v2\/tags?post=2344"}],"curies":[{"name":"wp","href":"https:\/\/api.w.org\/{rel}","templated":true}]}}