{"id":2345,"date":"2015-06-04T06:04:20","date_gmt":"2015-06-04T06:04:20","guid":{"rendered":"https:\/\/codexflores.ch\/index.php\/2015\/06\/04\/13-concours-geza-anda-zuerich\/"},"modified":"2015-06-04T06:04:20","modified_gmt":"2015-06-04T06:04:20","slug":"13-concours-geza-anda-zuerich","status":"publish","type":"post","link":"https:\/\/codexflores.ch\/index.php\/2015\/06\/04\/13-concours-geza-anda-zuerich\/","title":{"rendered":"13. Concours G\u00e9za Anda Z\u00fcrich"},"content":{"rendered":"<p><span style=\"font-family: arial,helvetica,sans-serif; font-size: small;\">04.06.2015 &#8211;Kommendes Wochenende startet an der Musikhochschule Z\u00fcrich der 13. Concours G\u00e9za Anda. Der alle drei Jahre stattfindende Wettbewerb f\u00fcr junge Pianisten findet im Wechsel mit G\u00e9za Anda Festivals in Budapest und andern europ\u00e4ischen St\u00e4dten statt.<\/span><\/p>\n<p><span style=\"font-family: arial,helvetica,sans-serif; font-size: small;\"><strong>04.06.2015 &#8211;Kommendes Wochenende startet an der Musikhochschule Z\u00fcrich der 13. Concours G\u00e9za Anda. Der alle drei Jahre stattfindende Wettbewerb f\u00fcr junge Pianisten findet im Wechsel mit G\u00e9za Anda Festivals in Budapest und andern europ\u00e4ischen St\u00e4dten statt.<\/strong><\/span><\/p>\n<p><span style=\"font-family: arial,helvetica,sans-serif; font-size: small;\">\u00a0<\/span><\/p>\n<p><span style=\"font-family: arial,helvetica,sans-serif; font-size: small;\">Der Eintritt ist bis zum Semifinale in der Tonhalle Z\u00fcrich frei. Die 99 Kandidierenden,, die sich im Januar dieses Jahres zum Wettbewerb angemeldet haben, stammen aus 20 Nationen. 45 wurden zu den Vorspielen eingeladen. Neben traditionell stark vertretenen L\u00e4ndern wie Russland, S\u00fcdkorea oder den USA finden sich hier unter anderem Talente aus Deutschland, \u00d6sterreich, <span style=\"font-family: arial,helvetica,sans-serif; font-size: small;\">der Schweiz,<\/span> Italien, Frankreich, Georgien, Brasilien und der Ukraine. <\/span><\/p>\n<p>\u00a0<\/p>\n<p><span style=\"font-family: arial,helvetica,sans-serif; font-size: small;\">Der Concours will das musikalische Erbe des 1976 verstorbenen Schweizer Pianisten ungarischer Herkunft an die kommenden Generationen weitergeben. Neben den Preisgeldern von 30&#8217;000, 20&#8217;000 und 10&#8217;000 Franken f\u00fcr die drei Erstplatzierten sowie mehreren Sonderpreisen werden die Preistr\u00e4gerinnen und Preistr\u00e4ger drei Jahre lang individuell betreut. Sie erhalten \u00fcberdies die M\u00f6glichkeit, solistisch und mit Orchestern weitere praktische Konzerterfahrungen zu sammeln. <em>(cf)\u00a0<\/em> <\/span><\/p>\n<p><span style=\"font-family: arial,helvetica,sans-serif; font-size: small;\"><strong>Mehr Infos:<\/strong> <a href=\"http:\/\/www.geza-anda.ch\" target=\"_blank\" rel=\"noopener noreferrer\">www.geza-anda.ch<\/a><\/span><\/p>\n<p>\u00a0<\/p>\n","protected":false},"excerpt":{"rendered":"<p><span style=\"font-family: arial,helvetica,sans-serif; font-size: small;\">04.06.2015 &#8211;Kommendes Wochenende startet an der Musikhochschule Z\u00fcrich der 13. Concours G\u00e9za Anda. Der alle drei Jahre stattfindende Wettbewerb f\u00fcr junge Pianisten findet im Wechsel mit G\u00e9za Anda Festivals in Budapest und andern europ\u00e4ischen St\u00e4dten statt.<\/span><\/p>\n","protected":false},"author":1,"featured_media":0,"comment_status":"open","ping_status":"open","sticky":false,"template":"","format":"standard","meta":{"footnotes":""},"categories":[2],"tags":[],"class_list":["post-2345","post","type-post","status-publish","format-standard","hentry","category-nachrichten","entry"],"_links":{"self":[{"href":"https:\/\/codexflores.ch\/index.php\/wp-json\/wp\/v2\/posts\/2345","targetHints":{"allow":["GET"]}}],"collection":[{"href":"https:\/\/codexflores.ch\/index.php\/wp-json\/wp\/v2\/posts"}],"about":[{"href":"https:\/\/codexflores.ch\/index.php\/wp-json\/wp\/v2\/types\/post"}],"author":[{"embeddable":true,"href":"https:\/\/codexflores.ch\/index.php\/wp-json\/wp\/v2\/users\/1"}],"replies":[{"embeddable":true,"href":"https:\/\/codexflores.ch\/index.php\/wp-json\/wp\/v2\/comments?post=2345"}],"version-history":[{"count":0,"href":"https:\/\/codexflores.ch\/index.php\/wp-json\/wp\/v2\/posts\/2345\/revisions"}],"wp:attachment":[{"href":"https:\/\/codexflores.ch\/index.php\/wp-json\/wp\/v2\/media?parent=2345"}],"wp:term":[{"taxonomy":"category","embeddable":true,"href":"https:\/\/codexflores.ch\/index.php\/wp-json\/wp\/v2\/categories?post=2345"},{"taxonomy":"post_tag","embeddable":true,"href":"https:\/\/codexflores.ch\/index.php\/wp-json\/wp\/v2\/tags?post=2345"}],"curies":[{"name":"wp","href":"https:\/\/api.w.org\/{rel}","templated":true}]}}