{"id":2347,"date":"2015-06-05T06:07:28","date_gmt":"2015-06-05T06:07:28","guid":{"rendered":"https:\/\/codexflores.ch\/index.php\/2015\/06\/05\/sommets-musicaux-praemieren-harfenistinnen\/"},"modified":"2015-06-05T06:07:28","modified_gmt":"2015-06-05T06:07:28","slug":"sommets-musicaux-praemieren-harfenistinnen","status":"publish","type":"post","link":"https:\/\/codexflores.ch\/index.php\/2015\/06\/05\/sommets-musicaux-praemieren-harfenistinnen\/","title":{"rendered":"Sommets Musicaux pr\u00e4mieren Harfenistinnen"},"content":{"rendered":"<p><span style=\"font-family: arial,helvetica,sans-serif; font-size: small;\">05.06.2015 &#8212; Die 15. Ausgabe der Sommets Musicaux de Gstaad hat Ana\u00efs Gaudemard mit dem Prix Thierry Scherz der Stiftung Pro Scientia et Arte und Coline Jaget mit dem Prix Andr\u00e9 Hoffmann ausgezeichnet.<\/span><\/p>\n<p><span style=\"font-family: arial,helvetica,sans-serif; font-size: small;\"><strong>05.06.2015 &#8212; Die 15. Ausgabe der Sommets Musicaux de Gstaad hat Ana\u00efs Gaudemard mit dem Prix Thierry Scherz der Stiftung Pro Scientia et Arte und Coline Jaget mit dem Prix Andr\u00e9 Hoffmann ausgezeichnet.<\/strong><\/span><\/p>\n<p><span style=\"font-family: arial,helvetica,sans-serif; font-size: small;\">\u00a0<\/span><\/p>\n<p><span style=\"font-family: arial,helvetica,sans-serif; font-size: small;\">Ana\u00efs Gaudemard hat nach einem Diplom in Harfe und Klavier am Konservatorium von Marseille bei Fabrice Pierre in Lyon studiert. Beim internationalen Harfenwettbewerb in Israel gewann sie 2012 den Spezialpreis f\u00fcr die beste Interpretation von \u00abThe Crown of Ariadne\u00bb von Murray Schafer. Erste Preise erhielt sie beim Torneo Internazionale die Musica in Rom 2012, beim Festival Musical d\u2019Automne des Jeunes Interpr\u00e8tes und beim Franz Josef Reinl-Wettbewerb in M\u00fcnchen.<\/span><\/p>\n<p>\u00a0<\/p>\n<p><span style=\"font-family: arial,helvetica,sans-serif; font-size: small;\">Coline Jaget wurde zun\u00e4chst von ihrer Mutter Helvia Briggen, der Soloharfenistin bei den Nizza Philharmonikern, unterrichtet. 2003 trat sie am Konservatorium von Nizza in die Klasse von Mich\u00e8le Vuillaume ein. Sie erlangte dort 2009 ihr Diplom mit Bestnote und Auszeichnung. Am Pariser Conservatoire National Sup\u00e9rieur de Musique et de Danse trat sie in der Folge in die Klasse von Isabelle Moretti ein. Gegenw\u00e4rtig absolviert sie das letzte Jahr des Masterstudiums.<\/span><\/p>\n<p>\u00a0<\/p>\n<p><span style=\"font-family: arial,helvetica,sans-serif; font-size: small;\">Der Prix Thierry Scherz w\u00fcrdigt den Mitbegr\u00fcnder und ehemaligen k\u00fcnstlerischen Leiter des Festivals Sommets Musicaux de Gstaad. Er erm\u00f6glicht dem Preistr\u00e4ger eine erste CD-Aufnahme mit Orchester und garantiert deren Verbreitung. So hat Ana\u00efs Gaudemard die Gelegenheit, an der Seite des Orchestre de l\u2019Op\u00e9ra de Rouen Haute Normandie unter der Leitung von L\u00e9o Hussain eine CD mit Werken von Nicolai von Wilm, Alberto Ginastera und Einojuhani Rautavaara einzuspielen.<\/span><\/p>\n<p>\u00a0<\/p>\n<p><span style=\"font-family: arial,helvetica,sans-serif; font-size: small;\">Der mit 5000 Franken dotierte Prix Andr\u00e9 Hoffmann belohnt die beste Interpretation eines zeitgen\u00f6ssischen Werks. Dieses Jahr handelte es sich um ein Werk des Komponisten in residence der Sommets Musicaux, Ivan Fedele, interpretiert von Coline Jaget. <em>(cf)<\/em> <\/span><\/p>\n","protected":false},"excerpt":{"rendered":"<p><span style=\"font-family: arial,helvetica,sans-serif; font-size: small;\">05.06.2015 &#8212; Die 15. Ausgabe der Sommets Musicaux de Gstaad hat Ana\u00efs Gaudemard mit dem Prix Thierry Scherz der Stiftung Pro Scientia et Arte und Coline Jaget mit dem Prix Andr\u00e9 Hoffmann ausgezeichnet.<\/span><\/p>\n","protected":false},"author":1,"featured_media":0,"comment_status":"open","ping_status":"open","sticky":false,"template":"","format":"standard","meta":{"footnotes":""},"categories":[2],"tags":[],"class_list":["post-2347","post","type-post","status-publish","format-standard","hentry","category-nachrichten","entry"],"_links":{"self":[{"href":"https:\/\/codexflores.ch\/index.php\/wp-json\/wp\/v2\/posts\/2347","targetHints":{"allow":["GET"]}}],"collection":[{"href":"https:\/\/codexflores.ch\/index.php\/wp-json\/wp\/v2\/posts"}],"about":[{"href":"https:\/\/codexflores.ch\/index.php\/wp-json\/wp\/v2\/types\/post"}],"author":[{"embeddable":true,"href":"https:\/\/codexflores.ch\/index.php\/wp-json\/wp\/v2\/users\/1"}],"replies":[{"embeddable":true,"href":"https:\/\/codexflores.ch\/index.php\/wp-json\/wp\/v2\/comments?post=2347"}],"version-history":[{"count":0,"href":"https:\/\/codexflores.ch\/index.php\/wp-json\/wp\/v2\/posts\/2347\/revisions"}],"wp:attachment":[{"href":"https:\/\/codexflores.ch\/index.php\/wp-json\/wp\/v2\/media?parent=2347"}],"wp:term":[{"taxonomy":"category","embeddable":true,"href":"https:\/\/codexflores.ch\/index.php\/wp-json\/wp\/v2\/categories?post=2347"},{"taxonomy":"post_tag","embeddable":true,"href":"https:\/\/codexflores.ch\/index.php\/wp-json\/wp\/v2\/tags?post=2347"}],"curies":[{"name":"wp","href":"https:\/\/api.w.org\/{rel}","templated":true}]}}