{"id":2348,"date":"2015-06-08T05:52:55","date_gmt":"2015-06-08T05:52:55","guid":{"rendered":"https:\/\/codexflores.ch\/index.php\/2015\/06\/08\/mariza-mit-dem-preis-der-dresdner-musikfestspiele-geehrt\/"},"modified":"2015-06-08T05:52:55","modified_gmt":"2015-06-08T05:52:55","slug":"mariza-mit-dem-preis-der-dresdner-musikfestspiele-geehrt","status":"publish","type":"post","link":"https:\/\/codexflores.ch\/index.php\/2015\/06\/08\/mariza-mit-dem-preis-der-dresdner-musikfestspiele-geehrt\/","title":{"rendered":"Mariza mit dem Preis der Dresdner Musikfestspiele geehrt"},"content":{"rendered":"<p><span style=\"font-family: arial,helvetica,sans-serif; font-size: small;\">08.06.2015 &#8212; Die Fado-S\u00e4ngerin Mariza wird \u00abf\u00fcr ihre Verdienste als europaweite Botschafterin der Fado-Tradition\u00bb mit dem Preis der Dresdner Musikfestspiele 2015 ausgezeichnet.<\/span><\/p>\n<p><span style=\"font-family: arial,helvetica,sans-serif; font-size: small;\"><strong>08.06.2015 &#8212; Die Fado-S\u00e4ngerin Mariza wird \u00abf\u00fcr ihre Verdienste als europaweite Botschafterin der Fado-Tradition\u00bb mit dem Preis der Dresdner Musikfestspiele 2015 ausgezeichnet.<\/strong><\/span><\/p>\n<p>\u00a0<\/p>\n<p><span style=\"font-family: arial,helvetica,sans-serif; font-size: small;\">Mariza wurde im ostafrikanischen Mosambik geboren. Mit drei Jahren siedelte sie in die portugiesische Heimat ihres Vaters \u00fcber, wo sie im Lissabonner Traditionsviertel Mouraria aufwuchs, der Wiege des Fado. Mit ihrer \u00abeindrucksvollen B\u00fchnenpr\u00e4senz, ihrer enormen mimischen undgestischen Ausdruckskraft und der beispiellosen Intensit\u00e4t ihrer Stimme\u00bb gelte die von der BBC bereits dreimal zum Best European Artist gek\u00fcrte K\u00fcnstlerin mittlerweile als K\u00f6nigin dieses Genres, schreiben die Dresdner Festspiele.<\/span><\/p>\n<p><span style=\"font-family: arial,helvetica,sans-serif; font-size: small;\"><em>\u00a0<\/em><\/span><\/p>\n<p><span style=\"font-family: arial,helvetica,sans-serif; font-size: small;\">Der Preis, der vom Unternehmen Glash\u00fctte Original ausgerichtet wird, ist mit 25&#8217;000 Euro dotiert. Bisherige Preistr\u00e4ger waren Kurt Masur, John Neumeier, Joachim Herz, Gidon Kremer, Christa Ludwig, Gustavo Dudamel, Valery Gergiev, Sir Simon Rattle und die Berliner Philharmoniker, H\u00e9l\u00e8ne Grimaud, Thomas Quasthoff sowie Hilary Hahn. <em>(cf)<\/em><\/span><\/p>\n<p>\u00a0<\/p>\n","protected":false},"excerpt":{"rendered":"<p><span style=\"font-family: arial,helvetica,sans-serif; font-size: small;\">08.06.2015 &#8212; Die Fado-S\u00e4ngerin Mariza wird \u00abf\u00fcr ihre Verdienste als europaweite Botschafterin der Fado-Tradition\u00bb mit dem Preis der Dresdner Musikfestspiele 2015 ausgezeichnet.<\/span><\/p>\n","protected":false},"author":1,"featured_media":0,"comment_status":"open","ping_status":"open","sticky":false,"template":"","format":"standard","meta":{"footnotes":""},"categories":[2],"tags":[],"class_list":["post-2348","post","type-post","status-publish","format-standard","hentry","category-nachrichten","entry"],"_links":{"self":[{"href":"https:\/\/codexflores.ch\/index.php\/wp-json\/wp\/v2\/posts\/2348","targetHints":{"allow":["GET"]}}],"collection":[{"href":"https:\/\/codexflores.ch\/index.php\/wp-json\/wp\/v2\/posts"}],"about":[{"href":"https:\/\/codexflores.ch\/index.php\/wp-json\/wp\/v2\/types\/post"}],"author":[{"embeddable":true,"href":"https:\/\/codexflores.ch\/index.php\/wp-json\/wp\/v2\/users\/1"}],"replies":[{"embeddable":true,"href":"https:\/\/codexflores.ch\/index.php\/wp-json\/wp\/v2\/comments?post=2348"}],"version-history":[{"count":0,"href":"https:\/\/codexflores.ch\/index.php\/wp-json\/wp\/v2\/posts\/2348\/revisions"}],"wp:attachment":[{"href":"https:\/\/codexflores.ch\/index.php\/wp-json\/wp\/v2\/media?parent=2348"}],"wp:term":[{"taxonomy":"category","embeddable":true,"href":"https:\/\/codexflores.ch\/index.php\/wp-json\/wp\/v2\/categories?post=2348"},{"taxonomy":"post_tag","embeddable":true,"href":"https:\/\/codexflores.ch\/index.php\/wp-json\/wp\/v2\/tags?post=2348"}],"curies":[{"name":"wp","href":"https:\/\/api.w.org\/{rel}","templated":true}]}}