{"id":2349,"date":"2015-06-08T05:56:59","date_gmt":"2015-06-08T05:56:59","guid":{"rendered":"https:\/\/codexflores.ch\/index.php\/2015\/06\/08\/erste-chrstliche-musiktage-in-st-gallen\/"},"modified":"2015-06-08T05:56:59","modified_gmt":"2015-06-08T05:56:59","slug":"erste-chrstliche-musiktage-in-st-gallen","status":"publish","type":"post","link":"https:\/\/codexflores.ch\/index.php\/2015\/06\/08\/erste-chrstliche-musiktage-in-st-gallen\/","title":{"rendered":"Erste \u00abChristliche Musiktage\u00bb in St. Gallen"},"content":{"rendered":"<p><span style=\"font-family: arial,helvetica,sans-serif; font-size: small;\">08.06.2015 &#8212; Dieses Wochenende haben auf dem Olma-Areal in St. Gallen die ersten Christlichen Musiktage stattgefunden. Insgesamt 1100 Musikerinnen und Musiker traten auf, verfolgt von 1800 Besuchern.<\/span><\/p>\n<p><span style=\"font-family: arial,helvetica,sans-serif; font-size: small;\"><strong>08.06.2015 &#8212; Dieses Wochenende haben auf dem Olma-Areal in St. Gallen die ersten Christlichen Musiktage stattgefunden. Insgesamt 1100 Musikerinnen und Musiker traten auf, verfolgt von 1800 Besuchern.<\/strong><\/span><\/p>\n<p><span style=\"font-family: arial,helvetica,sans-serif; font-size: small;\">\u00a0<\/span><\/p>\n<p><span style=\"font-family: arial,helvetica,sans-serif; font-size: small;\">Auftritte hatten 35 Brassformationen aus der ganzen Schweiz, 150 Gospels\u00e4nger, Dutzende Pop- und Rockmusiker, Singer-Songwriter, Hip-Hopper und Rapper, Jazzformationen, ein Sinfonieorchester, 22 Alphornbl\u00e4ser und viele mehr.<\/span><\/p>\n<p>\u00a0<\/p>\n<p><span style=\"font-family: arial,helvetica,sans-serif; font-size: small;\">Am Sonntagmorgen fand der Schlusspunkt des Kirchenklangfests Cantars an den Christlichen Musiktagen statt. Pfarrer Martin Schmidt, Kirchenratspr\u00e4sident der ev.-ref. Kirche St. Gallen, und Abt Urban Federer vom Kloster Einsiedeln hielten eine Dialogpredigt, moderiert wurde der Gottesdienst von SRF-Moderatorin Ladina Spiess und Matthias Spiess von der Schweizerischen Evangelischen Allianz.<\/span><\/p>\n<p><span style=\"font-family: arial,helvetica,sans-serif; font-size: small;\">\u00a0<\/span><\/p>\n<p><span style=\"font-family: arial,helvetica,sans-serif; font-size: small;\">Veranstalter der Christlichen Musiktage war der Christliche Musikverband Schweiz, der seine Wurzeln in einer 1907 realisierten Vereinigung schweizerischer Posaunench\u00f6re hat. In der \u00fcber 100-j\u00e4hrigen Tradition des CMVS wurde zum ersten Mal ein Anlass in dieser Gr\u00f6ssenordnung durchgef\u00fchrt. <em>(cf)\u00a0<\/em> <\/span><\/p>\n<p><span style=\"font-family: arial,helvetica,sans-serif; font-size: small;\">\u00a0<\/span><\/p>\n","protected":false},"excerpt":{"rendered":"<p><span style=\"font-family: arial,helvetica,sans-serif; font-size: small;\">08.06.2015 &#8212; Dieses Wochenende haben auf dem Olma-Areal in St. Gallen die ersten Christlichen Musiktage stattgefunden. Insgesamt 1100 Musikerinnen und Musiker traten auf, verfolgt von 1800 Besuchern.<\/span><\/p>\n","protected":false},"author":1,"featured_media":0,"comment_status":"open","ping_status":"open","sticky":false,"template":"","format":"standard","meta":{"footnotes":""},"categories":[2],"tags":[],"class_list":["post-2349","post","type-post","status-publish","format-standard","hentry","category-nachrichten","entry"],"_links":{"self":[{"href":"https:\/\/codexflores.ch\/index.php\/wp-json\/wp\/v2\/posts\/2349","targetHints":{"allow":["GET"]}}],"collection":[{"href":"https:\/\/codexflores.ch\/index.php\/wp-json\/wp\/v2\/posts"}],"about":[{"href":"https:\/\/codexflores.ch\/index.php\/wp-json\/wp\/v2\/types\/post"}],"author":[{"embeddable":true,"href":"https:\/\/codexflores.ch\/index.php\/wp-json\/wp\/v2\/users\/1"}],"replies":[{"embeddable":true,"href":"https:\/\/codexflores.ch\/index.php\/wp-json\/wp\/v2\/comments?post=2349"}],"version-history":[{"count":0,"href":"https:\/\/codexflores.ch\/index.php\/wp-json\/wp\/v2\/posts\/2349\/revisions"}],"wp:attachment":[{"href":"https:\/\/codexflores.ch\/index.php\/wp-json\/wp\/v2\/media?parent=2349"}],"wp:term":[{"taxonomy":"category","embeddable":true,"href":"https:\/\/codexflores.ch\/index.php\/wp-json\/wp\/v2\/categories?post=2349"},{"taxonomy":"post_tag","embeddable":true,"href":"https:\/\/codexflores.ch\/index.php\/wp-json\/wp\/v2\/tags?post=2349"}],"curies":[{"name":"wp","href":"https:\/\/api.w.org\/{rel}","templated":true}]}}