{"id":2352,"date":"2015-06-08T09:28:42","date_gmt":"2015-06-08T09:28:42","guid":{"rendered":"https:\/\/codexflores.ch\/index.php\/2015\/06\/08\/ein-wagner-abend-in-graupa\/"},"modified":"2015-06-08T09:28:42","modified_gmt":"2015-06-08T09:28:42","slug":"ein-wagner-abend-in-graupa","status":"publish","type":"post","link":"https:\/\/codexflores.ch\/index.php\/2015\/06\/08\/ein-wagner-abend-in-graupa\/","title":{"rendered":"Ein Wagner-Abend in Graupa"},"content":{"rendered":"<p><img loading=\"lazy\" decoding=\"async\" src=\"images\/bilder2015\/150605graupa.jpg\" border=\"0\" alt=\"Cover CD\" width=\"100\" height=\"100\" style=\"float: left; margin: 8px;\" \/>08.06.2015 \u2013 Tribschen, das ist so ein Ort, an dem immer mal wieder seltsame Ereignisse vonstatten gehen. In K\u00fcrze (am 21. Juni) zum Beispiel ein Waldtag. Da kann man in Begleitung von Gew\u00e4sserbiologen auf Schnorchel-Tour Armleuchteralgen bewundern. Tribschen war aber nat\u00fcrlich auch Wohnsitz Richard Wagners, und der hat dort auch einiges veranstaltet. So hat er auf einer Treppe seines Hauses zu Ehren seiner Frau Cosima ein \u00abIdyll mit Fidi-Vogelgesang und Orange-Sonnenaufgang\u00bb (das ist O-Ton Wagner) erklingen lassen: das Siegfried-Idyll. \u00abFidi\u00bb steht nat\u00fcrlich f\u00fcr seinen Sohn Siegfried. Wagner-Pathos im Taschenformat.<\/p>\n<p><img loading=\"lazy\" decoding=\"async\" src=\"images\/bilder2015\/150605graupa.jpg\" border=\"0\" alt=\"Cover CD\" width=\"100\" height=\"100\" style=\"float: left; margin: 8px;\" \/>08.06.2015 \u2013 Tribschen, das ist so ein Ort, an dem immer mal wieder seltsame Ereignisse vonstatten gehen. In K\u00fcrze (am 21. Juni) zum Beispiel ein Waldtag. Da kann man in Begleitung von Gew\u00e4sserbiologen auf Schnorchel-Tour Armleuchteralgen bewundern. Tribschen war aber nat\u00fcrlich auch Wohnsitz Richard Wagners, und der hat dort auch einiges veranstaltet. So hat er auf einer Treppe seines Hauses zu Ehren seiner Frau Cosima ein \u00abIdyll mit Fidi-Vogelgesang und Orange-Sonnenaufgang\u00bb (das ist O-Ton Wagner) erklingen lassen: das Siegfried-Idyll. \u00abFidi\u00bb steht nat\u00fcrlich f\u00fcr seinen Sohn Siegfried. Wagner-Pathos im Taschenformat.<\/p>\n<p>\u00a0<\/p>\n<p>Der Wagner-Schw\u00fcle erlegen ist auch Engelbert Humperdinck, der nach seiner eigenen Nibelungen-Erweckung zum Mitglied des geheimen \u00abOrdens vom Gral\u00bb der schw\u00e4rmerischer Wagner-Verehrer wurde. Er brachte den \u00abParsifal\u00bb in Partitur-Reinschrift und studierte f\u00fcr den Meister Knabench\u00f6re ein.<\/p>\n<p>\u00a0<\/p>\n<p>Humperdinck war ein passionierter Wagner-Bearbeiter. Nach dessen Tod arbeitete er etwa das ber\u00fchmte \u00abTristan\u00bb-Vorspiel samt Tristan-Akkord zu einem St\u00fcck f\u00fcr Streichsextett und Klavier um und schrieb sich dazu die letzten Takte gleich selber \u2012 endend Fortissimo in A-Dur. Dar\u00fcber informiert uns das Booklet der CD der Elbland Philharmonie Sachsen, der wir die originelle Ersteinspielung dieser und weiterer Humperdinck-Wagner-Umarbeitungen (Ausz\u00fcge aus \u00abParsifal\u00bb f\u00fcr kleines Orchester und zwei Klaviere) verdanken. Christian Voss dirigiert. Aufgenommen worden ist stilgerecht in einer weiteren Richard-Wagner-St\u00e4tte, dem Jagdschloss in Graupa.<\/p>\n<p>\u00a0<\/p>\n<p>Treppenh\u00e4user scheint Wagner gemocht zu haben (viele haben ja auch eine gute Akustik). In einem ebensolchen der Villa Wesendonck in Z\u00fcrich liess er eine Umarbeitung des Liedes \u00abTr\u00e4ume\u00bb aus dem Wesendonck-Zyklus f\u00fcr Solovioline und kleines Orchester erklingen \u2012 zu Ehren Mathilde Wesendoncks. Auch die ist hier zu h\u00f6ren, mit Jacob Meining an der Geige. Noch so ein Idyll auf Di\u00e4t. <em>(wb) \u00a0<\/em><\/p>\n<p><strong><br \/>Info:<\/strong> Ein Wagner-Abend in Graupa. Elbland Philharmonie Sachsen, Christian Voss (Leitung). Eigenverlag Elbland Philharmonie Sachsen, Bezugsnachweis: <a href=\"http:\/\/www.elbland-philharmonie-sachsen.de\/aktuelles\/item\/811-ideales-weihnachtsgeschenk-die-neue-cd-ein-wagner-abend-in-graupa\">www.elbland-philharmonie-sachsen.de<\/a><\/p>\n","protected":false},"excerpt":{"rendered":"<p><img loading=\"lazy\" decoding=\"async\" src=\"images\/bilder2015\/150605graupa.jpg\" border=\"0\" alt=\"Cover CD\" width=\"100\" height=\"100\" style=\"float: left; margin: 8px;\" \/>08.06.2015 \u2013 Tribschen, das ist so ein Ort, an dem immer mal wieder seltsame Ereignisse vonstatten gehen. In K\u00fcrze (am 21. Juni) zum Beispiel ein Waldtag. Da kann man in Begleitung von Gew\u00e4sserbiologen auf Schnorchel-Tour Armleuchteralgen bewundern. Tribschen war aber nat\u00fcrlich auch Wohnsitz Richard Wagners, und der hat dort auch einiges veranstaltet. So hat er auf einer Treppe seines Hauses zu Ehren seiner Frau Cosima ein \u00abIdyll mit Fidi-Vogelgesang und Orange-Sonnenaufgang\u00bb (das ist O-Ton Wagner) erklingen lassen: das Siegfried-Idyll. \u00abFidi\u00bb steht nat\u00fcrlich f\u00fcr seinen Sohn Siegfried. Wagner-Pathos im Taschenformat.<\/p>\n","protected":false},"author":1,"featured_media":0,"comment_status":"open","ping_status":"open","sticky":false,"template":"","format":"standard","meta":{"footnotes":""},"categories":[4],"tags":[],"class_list":["post-2352","post","type-post","status-publish","format-standard","hentry","category-im-gespraech","entry"],"_links":{"self":[{"href":"https:\/\/codexflores.ch\/index.php\/wp-json\/wp\/v2\/posts\/2352","targetHints":{"allow":["GET"]}}],"collection":[{"href":"https:\/\/codexflores.ch\/index.php\/wp-json\/wp\/v2\/posts"}],"about":[{"href":"https:\/\/codexflores.ch\/index.php\/wp-json\/wp\/v2\/types\/post"}],"author":[{"embeddable":true,"href":"https:\/\/codexflores.ch\/index.php\/wp-json\/wp\/v2\/users\/1"}],"replies":[{"embeddable":true,"href":"https:\/\/codexflores.ch\/index.php\/wp-json\/wp\/v2\/comments?post=2352"}],"version-history":[{"count":0,"href":"https:\/\/codexflores.ch\/index.php\/wp-json\/wp\/v2\/posts\/2352\/revisions"}],"wp:attachment":[{"href":"https:\/\/codexflores.ch\/index.php\/wp-json\/wp\/v2\/media?parent=2352"}],"wp:term":[{"taxonomy":"category","embeddable":true,"href":"https:\/\/codexflores.ch\/index.php\/wp-json\/wp\/v2\/categories?post=2352"},{"taxonomy":"post_tag","embeddable":true,"href":"https:\/\/codexflores.ch\/index.php\/wp-json\/wp\/v2\/tags?post=2352"}],"curies":[{"name":"wp","href":"https:\/\/api.w.org\/{rel}","templated":true}]}}