{"id":2353,"date":"2015-06-09T06:00:02","date_gmt":"2015-06-09T06:00:02","guid":{"rendered":"https:\/\/codexflores.ch\/index.php\/2015\/06\/09\/ehrenplakette-richard-strauss-fuer-christa-ludwig\/"},"modified":"2015-06-09T06:00:02","modified_gmt":"2015-06-09T06:00:02","slug":"ehrenplakette-richard-strauss-fuer-christa-ludwig","status":"publish","type":"post","link":"https:\/\/codexflores.ch\/index.php\/2015\/06\/09\/ehrenplakette-richard-strauss-fuer-christa-ludwig\/","title":{"rendered":"Ehrenplakette Richard Strauss f\u00fcr Christa Ludwig"},"content":{"rendered":"<p><span style=\"font-family: arial,helvetica,sans-serif; font-size: small;\">09.06.2015 &#8212; Die Mezzosopranistin Christa Ludwig wird vom Richard-Strauss-Festival Garmisch Partenkirchen mit der erstmals verliehenen Ehrenplakette Richard Strauss ausgezeichnet\u00a0\u2013 f\u00fcr ihre Verdienste um das Werk des grossen Komponisten.<\/span><\/p>\n<p><span style=\"font-family: arial,helvetica,sans-serif; font-size: small;\"><strong>09.06.2015 &#8212; Die Mezzosopranistin Christa Ludwig wird vom Richard-Strauss-Festival Garmisch Partenkirchen mit der erstmals verliehenen Ehrenplakette Richard Strauss ausgezeichnet\u00a0\u2013 f\u00fcr ihre Verdienste um das Werk des grossen Komponisten.<\/strong><\/span><\/p>\n<p><span style=\"font-family: arial,helvetica,sans-serif; font-size: small;\">\u00a0<\/span><\/p>\n<p><span style=\"font-family: arial,helvetica,sans-serif; font-size: small;\">Die Festivalleiterin Brigitte Fassbaender und das Richard-Strauss-Institut in Garmisch-Partenkirchen haben die Auszeichung mit dem opulenten Titel \u00abEhrenplakette Richard Strauss f\u00fcr besondere Verdienste um die k\u00fcnstlerische Pflege des Werkes von Richard Strauss\u00bb ins Leben gerufen, um \u00abdie herausragenden K\u00fcnstlerinnen und K\u00fcnstlern, deren Schaffen eng mit Richard Strauss und seinem Werk verbunden ist\u00bb zu w\u00fcrdigen.<\/span><\/p>\n<p><span style=\"font-family: arial,helvetica,sans-serif; font-size: small;\">\u00a0<\/span><\/p>\n<p><span style=\"font-family: arial,helvetica,sans-serif; font-size: small;\">Die 1928 geborene Christa Ludwig wurde nach Engagements in Darmstadt und Hannover 1955 von Karl B\u00f6hm an die Wiener Staatsoper geholt, wo sie eine der pr\u00e4gendsten S\u00e4ngerpers\u00f6nlichkeiten wurde und dem Ensemble 40 Jahre lang angeh\u00f6rte. 1962 wurde sie zur Kammers\u00e4ngerin ernannt. Sie begeisterte das Publikum in 42 verschiedenen Partien, die sie in 769 Auff\u00fchrungen sang. Der Wohlklang ihrer Stimme, ihre brillante Technik und die Intensit\u00e4t ihres Ausdrucks seien legend\u00e4r, heisst es in der W\u00fcrdigung. <em>(cf)\u00a0<\/em> <\/span><\/p>\n","protected":false},"excerpt":{"rendered":"<p><span style=\"font-family: arial,helvetica,sans-serif; font-size: small;\">09.06.2015 &#8212; Die Mezzosopranistin Christa Ludwig wird vom Richard-Strauss-Festival Garmisch Partenkirchen mit der erstmals verliehenen Ehrenplakette Richard Strauss ausgezeichnet\u00a0\u2013 f\u00fcr ihre Verdienste um das Werk des grossen Komponisten.<\/span><\/p>\n","protected":false},"author":1,"featured_media":0,"comment_status":"open","ping_status":"open","sticky":false,"template":"","format":"standard","meta":{"footnotes":""},"categories":[2],"tags":[],"class_list":["post-2353","post","type-post","status-publish","format-standard","hentry","category-nachrichten","entry"],"_links":{"self":[{"href":"https:\/\/codexflores.ch\/index.php\/wp-json\/wp\/v2\/posts\/2353","targetHints":{"allow":["GET"]}}],"collection":[{"href":"https:\/\/codexflores.ch\/index.php\/wp-json\/wp\/v2\/posts"}],"about":[{"href":"https:\/\/codexflores.ch\/index.php\/wp-json\/wp\/v2\/types\/post"}],"author":[{"embeddable":true,"href":"https:\/\/codexflores.ch\/index.php\/wp-json\/wp\/v2\/users\/1"}],"replies":[{"embeddable":true,"href":"https:\/\/codexflores.ch\/index.php\/wp-json\/wp\/v2\/comments?post=2353"}],"version-history":[{"count":0,"href":"https:\/\/codexflores.ch\/index.php\/wp-json\/wp\/v2\/posts\/2353\/revisions"}],"wp:attachment":[{"href":"https:\/\/codexflores.ch\/index.php\/wp-json\/wp\/v2\/media?parent=2353"}],"wp:term":[{"taxonomy":"category","embeddable":true,"href":"https:\/\/codexflores.ch\/index.php\/wp-json\/wp\/v2\/categories?post=2353"},{"taxonomy":"post_tag","embeddable":true,"href":"https:\/\/codexflores.ch\/index.php\/wp-json\/wp\/v2\/tags?post=2353"}],"curies":[{"name":"wp","href":"https:\/\/api.w.org\/{rel}","templated":true}]}}